{"id":361857,"date":"2025-09-02T22:52:15","date_gmt":"2025-09-02T22:52:15","guid":{"rendered":"https:\/\/www.europesays.com\/fr\/361857\/"},"modified":"2025-09-02T22:52:15","modified_gmt":"2025-09-02T22:52:15","slug":"des-zones-de-calme-pour-oublier-le-tumulte-de-la-ville","status":"publish","type":"post","link":"https:\/\/www.europesays.com\/fr\/361857\/","title":{"rendered":"Des zones de calme pour oublier le tumulte de la ville"},"content":{"rendered":"<p>Des zones de calme ont \u00e9t\u00e9 cr\u00e9\u00e9es dans deux parcs de la M\u00e9tropole de Lyon le parc de Parilly et celui de Lacroix-Laval. Ces lieux en pleine nature doivent permettre aux habitants de se ressourcer loin des tumultes de la ville. Ces espaces pourrait bient\u00f4t se multiplier. Un reportage de Th\u00e9ophile Eliot<\/p>\n<p><strong>Hamac<\/strong> suspendu \u00e0 l\u2019ombre des arbres, <strong>bancs en bois<\/strong> au milieu d\u2019une clairi\u00e8re : le d\u00e9cor est plant\u00e9. Ici, sur les zones de calme, le <strong>niveau sonore<\/strong> ne d\u00e9passe pas <strong>40 d\u00e9cibels<\/strong>, soit l\u2019ambiance feutr\u00e9e d\u2019une biblioth\u00e8que.<\/p>\n<p>Ecoutez aussi : <a href=\"https:\/\/www.lyondemain.fr\/espaces-publics-portatifs-rive-droite\/\" target=\"_blank\" rel=\"noreferrer noopener nofollow\">Rive Droite : des \u00ab\u00a0espaces publics portatifs\u00a0\u00bb pour pr\u00e9figurer le projet<\/a><\/p>\n<p><img fetchpriority=\"high\" decoding=\"async\" width=\"1200\" height=\"675\" src=\"https:\/\/www.europesays.com\/fr\/wp-content\/uploads\/2025\/09\/zones-de-calme-lutte-contre-le-bruit.jpg\" alt=\"zones de calme\" class=\"wp-image-251356\"  \/><\/p>\n<p>Au d\u00e9part pour les associations de yoga\u2026<\/p>\n<p>\u00ab Les <strong>zones de calme<\/strong>, c\u2019est une demande qui vient surtout d\u2019<strong>associations de yoga<\/strong>, de <strong>Qi gong<\/strong> ou encore de <strong>sylvoth\u00e9rapie<\/strong>, qui voulaient pratiquer en plein air, \u00bb explique <strong>Pierre Athanaze<\/strong>, vice-pr\u00e9sident de la <strong>M\u00e9tropole de Lyon<\/strong> d\u00e9l\u00e9gu\u00e9 \u00e0 l\u2019environnement. \u00ab Mais c\u2019est aussi pour des individus qui veulent simplement <strong>un endroit tranquille pour lire, faire la sieste ou d\u00e9compresser<\/strong>. \u00bb<\/p>\n<p>Ecoutez le podcast <\/p>\n<p>Zones de calme<\/p>\n<p><img loading=\"lazy\" decoding=\"async\" width=\"1200\" height=\"675\" src=\"https:\/\/www.europesays.com\/fr\/wp-content\/uploads\/2025\/09\/zones-de-calme-Pierre-Athanaze.jpg\" alt=\"Pierre Athanaze\" class=\"wp-image-251357\"  \/>Pierre Athanaze<\/p>\n<p>Ce dispositif exp\u00e9rimental s\u2019appuie sur un mobilier con\u00e7u sur mesure. Et sur un suivi r\u00e9gulier assur\u00e9 par l\u2019<strong>association Acoucit\u00e9<\/strong>, qui mesure le<strong> bruit<\/strong> et aide \u00e0 s\u00e9lectionner les <strong>sites les plus silencieux<\/strong>.<\/p>\n<p>\u00ab L\u2019id\u00e9e, ce n\u2019est pas de trouver des zones compl\u00e8tement silencieuses. Le silence peut \u00eatre stressant\u2026 Mais c\u2019est de cr\u00e9er <strong>des endroits o\u00f9 l\u2019on entend le vent dans les feuilles. Aussi les oiseaux ou les insectes<\/strong>, \u00bb pr\u00e9cise l\u2019\u00e9lu.<\/p>\n<p>Ecoutez aussi : <a href=\"https:\/\/www.lyondemain.fr\/parc-mandela-lyon-part-dieu\/\" target=\"_blank\" rel=\"noreferrer noopener nofollow\">Parc Mandela : un espace de respiration pr\u00e8s de la Part-Dieu<\/a><\/p>\n<p>Les zones de calme inscrites dans le <strong>Plan de Pr\u00e9vention du Bruit dans l\u2019Environnement<\/strong><\/p>\n<p>Ces zones s\u2019inscrivent dans le <a href=\"https:\/\/www.grandlyon.com\/mes-services-au-quotidien\/sinformer-sur-la-sante\/la-prevention-du-bruit\" target=\"_blank\" rel=\"noreferrer noopener nofollow\"><strong>Plan de Pr\u00e9vention du Bruit dans l\u2019Environnement<\/strong> <\/a>(PPBE) de la <strong>M\u00e9tropole de Lyon<\/strong>. Car pr\u00e8s de 200 000 habitants souffrent de <strong>nuisances sonores<\/strong> li\u00e9es au trafic routier ou ferroviaire. Avec des <strong>cons\u00e9quences sur le sommeil, le stress et la sant\u00e9 cardiovasculaire<\/strong>.<\/p>\n<p>\u00ab Apr\u00e8s le Covid, les gens ont exprim\u00e9 un vrai besoin de retrouver ces instants de calme v\u00e9cus pendant le confinement \u00bb, observe <strong>Pierre Athanaze<\/strong>. Les <strong>zones de calme<\/strong> viennent compl\u00e9ter d\u2019autres mesures : <strong>baisse des vitesses<\/strong>, murs anti-bruit, <strong>isolation des b\u00e2timents<\/strong> proches des voies ferr\u00e9es\u2026<\/p>\n<p>Ecoutez aussi : <a href=\"https:\/\/www.lyondemain.fr\/lyon-ville-30-anniversaire-bilan\/\" target=\"_blank\" rel=\"noreferrer noopener nofollow\">Lyon ville 30 : 40% de bless\u00e9s en moins<\/a><\/p>\n<p>Etendre le dispositif \u00e0 d\u2019autres parcs<\/p>\n<p>\u00ab Il n\u2019y a pas une seule fa\u00e7on de g\u00e9rer le bruit. Parfois on le r\u00e9duit, parfois on s\u2019en prot\u00e8ge \u00bb, r\u00e9sume le vice-pr\u00e9sident. Actuellement, sept <strong>zones de calme<\/strong> existent trois, dans chaque parc, pour un co\u00fbt total d\u2019environ 40 000 \u20ac. La M\u00e9tropole souhaite les \u00e9tendre \u00e0 d\u2019autres <strong>espaces verts<\/strong>, comme le <strong>parc de la Porte des Alpes<\/strong>, le <strong>parc de Gerland<\/strong> ou le <strong>parc de la T\u00eate d\u2019Or<\/strong>. \u00ab L\u2019id\u00e9e, c\u2019est qu\u2019on puisse donner un petit guide aux collectivit\u00e9s, y compris hors m\u00e9tropole, pour qu\u2019elles s\u2019en inspirent \u00bb, projette d\u00e9j\u00e0 <strong>Pierre Athanaze<\/strong>.<\/p>\n<p>Pour l\u2019\u00e9t\u00e9 prochain, il esp\u00e8re d\u00e9j\u00e0 voir \u00e9clore de <strong>nouveaux \u00eelots de s\u00e9r\u00e9nit\u00e9<\/strong> : \u00ab Moi, je le souhaite, dans ces parcs-l\u00e0 comme dans d\u2019autres espaces verts m\u00e9tropolitains. \u00bb. conclut <strong>Pierre Athanaze<\/strong>.<\/p>\n<p>Ecoutez aussi : <a href=\"https:\/\/www.lyondemain.fr\/place-de-la-liberte-bron\/\" target=\"_blank\" rel=\"noreferrer noopener nofollow\">A Bron, la Place de la Libert\u00e9 va devenir un parc verdoyant<\/a><\/p>\n<p><img loading=\"lazy\" decoding=\"async\" width=\"1200\" height=\"675\" src=\"https:\/\/www.europesays.com\/fr\/wp-content\/uploads\/2025\/09\/zones-de-calme-detente.jpg\" alt=\"zones de calme\" class=\"wp-image-251360\"  \/><br \/>\nJ\u2019aime \u00e7a\u00a0:<\/p>\n<p>J\u2019aime chargement\u2026<\/p>\n<p><a class=\"sd-link-color\"\/><\/p>\n<p>\n\tArticles similaires\n<\/p>\n<p>\t\t\t\t<img decoding=\"async\" src=\"https:\/\/www.europesays.com\/fr\/wp-content\/uploads\/2025\/09\/1756853535_96_7866158698e17e8ed633c05e8f8e7fe5d9e057ad78661c4dc34e413abb6b9f19\" alt=\"G\u00e9rald Bouchon\"\/><\/p>\n<p>Pionnier des radios libres, passionn\u00e9 de radio, journaliste et dirigeant de m\u00e9dias \u00e9co-responsables..<\/p>\n","protected":false},"excerpt":{"rendered":"Des zones de calme ont \u00e9t\u00e9 cr\u00e9\u00e9es dans deux parcs de la M\u00e9tropole de Lyon le parc de&hellip;\n","protected":false},"author":2,"featured_media":361858,"comment_status":"","ping_status":"","sticky":false,"template":"","format":"standard","meta":{"footnotes":""},"categories":[1889],"tags":[1111,11,2430,21659,1777,674,1011,27,49581,2428,10510,12,13760,24545,38413,49716,49717,25,49584],"class_list":{"0":"post-361857","1":"post","2":"type-post","3":"status-publish","4":"format-standard","5":"has-post-thumbnail","7":"category-lyon","8":"tag-actu","9":"tag-actualites","10":"tag-auvergne-rhone-alpes","11":"tag-espaces-verts","12":"tag-eu","13":"tag-europe","14":"tag-fr","15":"tag-france","16":"tag-lacroix-laval","17":"tag-lyon","18":"tag-metropole-de-lyon","19":"tag-news","20":"tag-parc-de-la-tete-dor","21":"tag-parcs","22":"tag-pierre-athanaze","23":"tag-plan-de-prevention-du-bruit","24":"tag-prevention-du-bruit","25":"tag-republique-francaise","26":"tag-zones-de-calme"},"share_on_mastodon":{"url":"https:\/\/pubeurope.com\/@fr\/115137160951872014","error":""},"_links":{"self":[{"href":"https:\/\/www.europesays.com\/fr\/wp-json\/wp\/v2\/posts\/361857","targetHints":{"allow":["GET"]}}],"collection":[{"href":"https:\/\/www.europesays.com\/fr\/wp-json\/wp\/v2\/posts"}],"about":[{"href":"https:\/\/www.europesays.com\/fr\/wp-json\/wp\/v2\/types\/post"}],"author":[{"embeddable":true,"href":"https:\/\/www.europesays.com\/fr\/wp-json\/wp\/v2\/users\/2"}],"replies":[{"embeddable":true,"href":"https:\/\/www.europesays.com\/fr\/wp-json\/wp\/v2\/comments?post=361857"}],"version-history":[{"count":0,"href":"https:\/\/www.europesays.com\/fr\/wp-json\/wp\/v2\/posts\/361857\/revisions"}],"wp:featuredmedia":[{"embeddable":true,"href":"https:\/\/www.europesays.com\/fr\/wp-json\/wp\/v2\/media\/361858"}],"wp:attachment":[{"href":"https:\/\/www.europesays.com\/fr\/wp-json\/wp\/v2\/media?parent=361857"}],"wp:term":[{"taxonomy":"category","embeddable":true,"href":"https:\/\/www.europesays.com\/fr\/wp-json\/wp\/v2\/categories?post=361857"},{"taxonomy":"post_tag","embeddable":true,"href":"https:\/\/www.europesays.com\/fr\/wp-json\/wp\/v2\/tags?post=361857"}],"curies":[{"name":"wp","href":"https:\/\/api.w.org\/{rel}","templated":true}]}}