{"id":361859,"date":"2025-09-02T22:53:11","date_gmt":"2025-09-02T22:53:11","guid":{"rendered":"https:\/\/www.europesays.com\/fr\/361859\/"},"modified":"2025-09-02T22:53:11","modified_gmt":"2025-09-02T22:53:11","slug":"lyon-un-homme-retrouve-mort-dans-des-conditions-etranges-au-bord-de-la-m7","status":"publish","type":"post","link":"https:\/\/www.europesays.com\/fr\/361859\/","title":{"rendered":"Lyon. Un homme retrouv\u00e9 mort dans des conditions \u00e9tranges au bord de la M7"},"content":{"rendered":"<p>            Par<br \/>\n        <strong><br \/>\n            <a href=\"https:\/\/actu.fr\/auteur\/julien-damboise\" title=\"Consulter tous les articles de Julien Damboise\" target=\"_blank\" rel=\"noopener\">Julien Damboise<\/a><br \/>\n        <\/strong><\/p>\n<p>        Publi\u00e9 le<\/p>\n<p>            2 sept. 2025 \u00e0 20h31        <\/p>\n<p><strong>I<\/strong><strong>NFO ACTU LYON<\/strong>. Un homme a \u00e9t\u00e9 retrouv\u00e9 mort dans le 2\u1d49 arrondissement de <a href=\"https:\/\/actu.fr\/auvergne-rhone-alpes\/lyon_69123\" target=\"_blank\" rel=\"noopener\">Lyon<\/a> ce mardi 2 septembre 2025, <strong>en contrebas de l\u2019autoroute M7<\/strong>, vers le mus\u00e9e des Confluences. Son corps pourrait porter des <strong>traces de violences<\/strong>, une enqu\u00eate a \u00e9t\u00e9 imm\u00e9diatement ouverte par la <a href=\"https:\/\/actu.fr\/tag\/police\" target=\"_blank\" rel=\"noopener\">police<\/a>.<\/p>\n<p>    <a href=\"https:\/\/www.google.com\/maps\/embed?pb=!1m18!1m12!1m3!1d1850.1004919961101!2d4.817451413245524!3d45.733955481502285!2m3!1f0!2f0!3f0!3m2!1i1024!2i768!4f13.1!3m3!1m2!1s0x47f4ebd3b4338691%3A0xe55135c1e9d6f131!2sPont%20Pasteur!5e0!3m2!1sfr!2sfr!4v1756836712759!5m2!1sfr!2sfr\" title=\"Ouvrie le lien\" target=\"_blank\" rel=\"noopener\">Cliquez ici pour visualiser le contenu<\/a><\/p>\n<p>Des liens autour du cou<\/p>\n<p class=\" wall-content\">Le corps de l\u2019homme, \u00e2g\u00e9 semble-t-il d\u2019une <strong>cinquantaine d\u2019ann\u00e9es<\/strong>, a \u00e9t\u00e9 trouv\u00e9 dans le quartier de <a href=\"https:\/\/actu.fr\/tag\/confluence\" target=\"_blank\" rel=\"noopener\">Confluence<\/a> peu apr\u00e8s 18h. Selon une source s\u00e9curitaire, la d\u00e9pouille a \u00e9t\u00e9 d\u00e9couverte en contrebas de la M7, en direction de la capitale des Gaules.<\/p>\n<p class=\" wall-content\">Des stigmates de violences auraient \u00e9t\u00e9 d\u00e9couvertes sur la d\u00e9pouille, ainsi que des <strong>liens attach\u00e9s autour de son cou<\/strong>. La piste d\u2019une mort violente avec l\u2019intervention d\u2019un tiers pourrait ainsi \u00eatre privil\u00e9gi\u00e9e.<\/p>\n<p>Une enqu\u00eate ouverte<\/p>\n<p class=\" wall-content\">Un p\u00e9rim\u00e8tre a \u00e9t\u00e9 boucl\u00e9 par les <strong>policiers mobilis\u00e9s sur place,<\/strong> dans le cadre d\u2019une enqu\u00eate imm\u00e9diatement ouverte par le parquet de Lyon.<\/p>\n<p class=\" wall-content\">Des investigations devront d\u00e9terminer les nombreuses questions qui entourent d\u00e9j\u00e0 ce d\u00e9c\u00e8s.<\/p>\n<p class=\" wall-content\">Personnalisez votre actualit\u00e9 en ajoutant vos villes et m\u00e9dias en favori avec <a href=\"https:\/\/moncompte.actu.fr\" title=\"D\u00e9couvez Mon Actu\" rel=\"nofollow noopener\" data-trk=\"{&quot;cta&quot;:{&quot;action&quot;:&quot;https:\\\/\\\/moncompte.actu.fr&quot;,&quot;category&quot;:&quot;mon compte&quot;,&quot;from&quot;:&quot;article footer&quot;,&quot;name&quot;:&quot;Mon actu&quot;,&quot;type&quot;:&quot;cta&quot;}}\" target=\"_blank\">Mon Actu<\/a>.<\/p>\n","protected":false},"excerpt":{"rendered":"Par Julien Damboise Publi\u00e9 le 2 sept. 2025 \u00e0 20h31 INFO ACTU LYON. Un homme a \u00e9t\u00e9 retrouv\u00e9&hellip;\n","protected":false},"author":2,"featured_media":361860,"comment_status":"","ping_status":"","sticky":false,"template":"","format":"standard","meta":{"footnotes":""},"categories":[1889],"tags":[1111,11,2430,3157,1777,674,118,1011,27,2428,777,12,1072,25],"class_list":{"0":"post-361859","1":"post","2":"type-post","3":"status-publish","4":"format-standard","5":"has-post-thumbnail","7":"category-lyon","8":"tag-actu","9":"tag-actualites","10":"tag-auvergne-rhone-alpes","11":"tag-confluence","12":"tag-eu","13":"tag-europe","14":"tag-faits-divers","15":"tag-fr","16":"tag-france","17":"tag-lyon","18":"tag-meurtre","19":"tag-news","20":"tag-police","21":"tag-republique-francaise"},"share_on_mastodon":{"url":"https:\/\/pubeurope.com\/@fr\/115137164276032851","error":""},"_links":{"self":[{"href":"https:\/\/www.europesays.com\/fr\/wp-json\/wp\/v2\/posts\/361859","targetHints":{"allow":["GET"]}}],"collection":[{"href":"https:\/\/www.europesays.com\/fr\/wp-json\/wp\/v2\/posts"}],"about":[{"href":"https:\/\/www.europesays.com\/fr\/wp-json\/wp\/v2\/types\/post"}],"author":[{"embeddable":true,"href":"https:\/\/www.europesays.com\/fr\/wp-json\/wp\/v2\/users\/2"}],"replies":[{"embeddable":true,"href":"https:\/\/www.europesays.com\/fr\/wp-json\/wp\/v2\/comments?post=361859"}],"version-history":[{"count":0,"href":"https:\/\/www.europesays.com\/fr\/wp-json\/wp\/v2\/posts\/361859\/revisions"}],"wp:featuredmedia":[{"embeddable":true,"href":"https:\/\/www.europesays.com\/fr\/wp-json\/wp\/v2\/media\/361860"}],"wp:attachment":[{"href":"https:\/\/www.europesays.com\/fr\/wp-json\/wp\/v2\/media?parent=361859"}],"wp:term":[{"taxonomy":"category","embeddable":true,"href":"https:\/\/www.europesays.com\/fr\/wp-json\/wp\/v2\/categories?post=361859"},{"taxonomy":"post_tag","embeddable":true,"href":"https:\/\/www.europesays.com\/fr\/wp-json\/wp\/v2\/tags?post=361859"}],"curies":[{"name":"wp","href":"https:\/\/api.w.org\/{rel}","templated":true}]}}