{"id":361865,"date":"2025-09-02T22:56:12","date_gmt":"2025-09-02T22:56:12","guid":{"rendered":"https:\/\/www.europesays.com\/fr\/361865\/"},"modified":"2025-09-02T22:56:12","modified_gmt":"2025-09-02T22:56:12","slug":"lautrice-de-la-femme-de-menage-freida-mcfadden-sort-un-nouveau-roman-en-octobre","status":"publish","type":"post","link":"https:\/\/www.europesays.com\/fr\/361865\/","title":{"rendered":"L&rsquo;autrice de \u00ab\u00a0La Femme de m\u00e9nage\u00a0\u00bb, Freida McFadden, sort un nouveau roman en octobre"},"content":{"rendered":"\n<p class=\"c-chapo \">\n  Le roman \u00ab\u00a0La Femme de m\u00e9nage\u00a0\u00bb a \u00e9t\u00e9 le livre le plus vendu en France en 2024, avec 620 000 exemplaires.\n<\/p>\n<p>            lire plus tard<\/p>\n<p id=\"dialog__title\" class=\"dialog__title\">Pour sauvegarder cet article, connectez-vous ou cr\u00e9ez un compte franceinfo<\/p>\n<p class=\"dialog__description\">Sans paiement. Sans abonnement.<\/p>\n<p>        Fermer la fen\u00eatre d\u2019activation des notifications France Info<\/p>\n<p>            cr\u00e9er votre compte<\/p>\n<p>            se connecter<\/p>\n<p>        Fermer la fen\u00eatre de pr\u00e9sentation<\/p>\n<p>    <img loading=\"lazy\" decoding=\"async\" class=\"signature__image lazyload\" width=\"100\" height=\"100\" data- alt=\"\" src=\"https:\/\/www.europesays.com\/fr\/wp-content\/uploads\/2025\/05\/64abd44855ee1_placeholder-36b69ec8.png\"\/><\/p>\n<p>          France T\u00e9l\u00e9visions &#8211; R\u00e9daction Culture<\/p>\n<p>    Publi\u00e9 le 02\/09\/2025 17:37<\/p>\n<p>        Temps de lecture : 2min<\/p>\n<p>    <img decoding=\"async\"  alt=\"Un rayon d'un magasin Fnac dans le 15\u00e8me arrondissement de Paris, le 18 mars 2025. (RICCARDO MILANI \/ HANS LUCAS \/ AFP)\" width=\"432\" height=\"243\" src=\"https:\/\/www.europesays.com\/fr\/wp-content\/uploads\/2025\/09\/080-hl-rmilani-2712150-68b7050f620f2492808282.jpg\" fetchpriority=\"high\"\/><\/p>\n<p>      Un rayon d&rsquo;un magasin Fnac dans le 15\u00e8me arrondissement de Paris, le 18 mars 2025. (RICCARDO MILANI \/ HANS LUCAS \/ AFP)<\/p>\n<p>La romanci\u00e8re am\u00e9ricaine Freida McFadden, qui <a href=\"https:\/\/www.franceinfo.fr\/culture\/livres\/la-femme-de-menage-la-prof-la-psy-pourquoi-les-romans-de-freida-mcfadden-que-vous-allez-peut-etre-devorer-pendant-vos-vacances-font-ils-un-carton-en-librairie_7392136.html\" rel=\"nofollow noopener\" target=\"_blank\">domine les ventes de livres en France avec la saga de La Femme de m\u00e9nage<\/a>, publiera son nouveau polar, Le Boyfriend, le 8 octobre, a annonc\u00e9, mardi 2 septembre, son \u00e9diteur fran\u00e7ais. Le Boyfriend sera diffus\u00e9 \u00e0 350 000 exemplaires par City Editions un jour apr\u00e8s la sortie aux Etats-Unis de ce nouveau roman intitul\u00e9 en anglais, The Intruder.<\/p>\n<p>Le 8 octobre, J&rsquo;ai Lu publiera \u00e9galement en poche le troisi\u00e8me tome de La Femme de m\u00e9nage, ce qui devrait de nouveau relancer la romanci\u00e8re aux premi\u00e8res places des ventes de livres apr\u00e8s le lancement de la rentr\u00e9e litt\u00e9raire.<\/p>\n<p>Pr\u00e9sent\u00e9 comme un thriller psychologique, Le Boyfriend raconte l&rsquo;histoire d&rsquo;une c\u00e9libataire new-yorkaise qui, apr\u00e8s de nombreux \u00e9checs amoureux, \u00ab\u00a0semble trouver l&rsquo;homme id\u00e9al\u00a0\u00bb, \u00e0 la fois \u00ab\u00a0beau, charmant, intelligent et m\u00e9decin\u00a0\u00bb. Mais \u00ab\u00a0lorsqu&rsquo;elle entend parler d&rsquo;un serial killer qui sort avec des femmes avant de les tuer, elle s&rsquo;inqui\u00e8te\u00a0\u00bb, selon l&rsquo;\u00e9diteur.<\/p>\n<p>Port\u00e9 par les r\u00e9seaux sociaux,<a href=\"https:\/\/www.franceinfo.fr\/culture\/livres\/le-thriller-la-femme-de-menage-star-des-librairies-dans-un-secteur-du-livre-globalement-stable-en-2024_7008002.html\" rel=\"nofollow noopener\" target=\"_blank\"> La Femme de m\u00e9nage\u00a0a \u00e9t\u00e9 le livre le plus vendu en France en 2024<\/a>, avec 620 000 exemplaires, selon<a href=\"https:\/\/www.livreshebdo.fr\/article\/les-50-livres-les-plus-vendus-en-2024\" target=\"_blank\" rel=\"noopener nofollow\"> le classement GFK-Livres Hebdo<\/a>. Au total, les ventes des titres de l&rsquo;Am\u00e9ricaine ont depuis atteint 5,4 millions d&rsquo;exemplaires vendus en France, o\u00f9 est sorti son pr\u00e9c\u00e9dent polar La Prof\u00a0en avril.<\/p>\n<p>La romanci\u00e8re am\u00e9ricaine, qui \u00e9crit sous pseudonyme, exerce \u00e0 temps partiel comme m\u00e9decin sp\u00e9cialiste des l\u00e9sions c\u00e9r\u00e9brales dans la r\u00e9gion de Boston, dans le nord-est des Etats-Unis. La Femme de m\u00e9nage\u00a0a \u00e9t\u00e9 adapt\u00e9 au cin\u00e9ma avec l&rsquo;actrice Sydney Sweeney dans le r\u00f4le-titre. Le film sort en France le 24 d\u00e9cembre et aux \u00c9tats-Unis le lendemain.<\/p>\n","protected":false},"excerpt":{"rendered":"Le roman \u00ab\u00a0La Femme de m\u00e9nage\u00a0\u00bb a \u00e9t\u00e9 le livre le plus vendu en France en 2024, avec&hellip;\n","protected":false},"author":2,"featured_media":361866,"comment_status":"","ping_status":"","sticky":false,"template":"","format":"standard","meta":{"footnotes":""},"categories":[1888],"tags":[1111,1928,11,1927,1777,674,1011,27,12,1926,626,1925,25],"class_list":{"0":"post-361865","1":"post","2":"type-post","3":"status-publish","4":"format-standard","5":"has-post-thumbnail","7":"category-paris","8":"tag-actu","9":"tag-actu-paris","10":"tag-actualites","11":"tag-actualites-paris","12":"tag-eu","13":"tag-europe","14":"tag-fr","15":"tag-france","16":"tag-news","17":"tag-news-paris","18":"tag-paris","19":"tag-paris-news","20":"tag-republique-francaise"},"share_on_mastodon":{"url":"https:\/\/pubeurope.com\/@fr\/115137176608810339","error":""},"_links":{"self":[{"href":"https:\/\/www.europesays.com\/fr\/wp-json\/wp\/v2\/posts\/361865","targetHints":{"allow":["GET"]}}],"collection":[{"href":"https:\/\/www.europesays.com\/fr\/wp-json\/wp\/v2\/posts"}],"about":[{"href":"https:\/\/www.europesays.com\/fr\/wp-json\/wp\/v2\/types\/post"}],"author":[{"embeddable":true,"href":"https:\/\/www.europesays.com\/fr\/wp-json\/wp\/v2\/users\/2"}],"replies":[{"embeddable":true,"href":"https:\/\/www.europesays.com\/fr\/wp-json\/wp\/v2\/comments?post=361865"}],"version-history":[{"count":0,"href":"https:\/\/www.europesays.com\/fr\/wp-json\/wp\/v2\/posts\/361865\/revisions"}],"wp:featuredmedia":[{"embeddable":true,"href":"https:\/\/www.europesays.com\/fr\/wp-json\/wp\/v2\/media\/361866"}],"wp:attachment":[{"href":"https:\/\/www.europesays.com\/fr\/wp-json\/wp\/v2\/media?parent=361865"}],"wp:term":[{"taxonomy":"category","embeddable":true,"href":"https:\/\/www.europesays.com\/fr\/wp-json\/wp\/v2\/categories?post=361865"},{"taxonomy":"post_tag","embeddable":true,"href":"https:\/\/www.europesays.com\/fr\/wp-json\/wp\/v2\/tags?post=361865"}],"curies":[{"name":"wp","href":"https:\/\/api.w.org\/{rel}","templated":true}]}}