{"id":361867,"date":"2025-09-02T22:57:21","date_gmt":"2025-09-02T22:57:21","guid":{"rendered":"https:\/\/www.europesays.com\/fr\/361867\/"},"modified":"2025-09-02T22:57:21","modified_gmt":"2025-09-02T22:57:21","slug":"pares-pour-la-rentree-scolaire-disneylandparis-news","status":"publish","type":"post","link":"https:\/\/www.europesays.com\/fr\/361867\/","title":{"rendered":"Par\u00e9s pour la rentr\u00e9e\u202fscolaire\u202f! \u2022 DisneylandParis News"},"content":{"rendered":"<p>En cette fin de vacances scolaires, Disneyland Paris a accueilli fin aout les derniers groupes d\u2019enfants et familles d\u00e9favoris\u00e9s de l\u2019\u00e9t\u00e9 pour une journ\u00e9e de magie au c\u0153ur des Parcs Disney. Et pour bien pr\u00e9parer la rentr\u00e9e ces invit\u00e9s se sont vus remettre des kits de rentr\u00e9e remplis de fournitures scolaires.\u00a0<\/p>\n<p><img fetchpriority=\"high\" decoding=\"async\" width=\"1200\" height=\"800\" src=\"https:\/\/www.europesays.com\/fr\/wp-content\/uploads\/2025\/09\/MP_1400.jpg\" alt=\"\" class=\"wp-image-328525\"\/><\/p>\n<p>Vendredi 29 aout, plus de 500 jeunes du Secours populaire fran\u00e7ais \u00e9taient invit\u00e9s dans les parcs. Cette journ\u00e9e a cl\u00f4tur\u00e9 la longue s\u00e9rie de journ\u00e9es parcs entam\u00e9es au printemps dernier et qui ont permis \u00e0 plus de 8000 b\u00e9n\u00e9ficiaires du Secours populaire de toute la France de profiter de moments d\u2019\u00e9vasion et de fun \u00e0 Disneyland Paris tout au long de l\u2019\u00e9t\u00e9.\u00a0<\/p>\n<p><img loading=\"lazy\" decoding=\"async\" width=\"1024\" height=\"800\" data-id=\"328522\" src=\"https:\/\/www.europesays.com\/fr\/wp-content\/uploads\/2025\/09\/MP_1233-1024x800.jpg\" alt=\"\" class=\"wp-image-328522\"\/><\/p>\n<p><img loading=\"lazy\" decoding=\"async\" width=\"1024\" height=\"800\" data-id=\"328523\" src=\"https:\/\/www.europesays.com\/fr\/wp-content\/uploads\/2025\/09\/MP_1053-1024x800.jpg\" alt=\"\" class=\"wp-image-328523\"\/><\/p>\n<p>Samedi 30 aout, 300 personnes ont profit\u00e9 des parcs gr\u00e2ce \u00e0 l\u2019association Dons Solidaires. Disneyland Paris collabore avec Dons Solidaires depuis plus de 20 ans \u00e0 travers des dons de produits th\u00eam\u00e9s Disney, de nourriture et de mobilier et en accueillant des jeunes au c\u0153ur de la destination. L\u2019association Dons Solidaires est un maillon cl\u00e9 entre les entreprises et les structures de solidarit\u00e9 locales afin de favoriser le don de produits du quotidien pour lutter contre la pr\u00e9carit\u00e9.\u00a0<\/p>\n<p><img loading=\"lazy\" decoding=\"async\" width=\"1024\" height=\"800\" data-id=\"328524\" src=\"https:\/\/www.europesays.com\/fr\/wp-content\/uploads\/2025\/09\/MP78770-1024x800.jpg\" alt=\"\" class=\"wp-image-328524\"\/><\/p>\n<p><img loading=\"lazy\" decoding=\"async\" width=\"1024\" height=\"800\" data-id=\"328521\" src=\"https:\/\/www.europesays.com\/fr\/wp-content\/uploads\/2025\/09\/MP_1100-1024x800.jpg\" alt=\"\" class=\"wp-image-328521\"\/><\/p>\n","protected":false},"excerpt":{"rendered":"En cette fin de vacances scolaires, Disneyland Paris a accueilli fin aout les derniers groupes d\u2019enfants et familles&hellip;\n","protected":false},"author":2,"featured_media":361868,"comment_status":"","ping_status":"","sticky":false,"template":"","format":"standard","meta":{"footnotes":""},"categories":[1888],"tags":[1111,1928,11,1927,1777,674,1011,27,12,1926,626,1925,25],"class_list":{"0":"post-361867","1":"post","2":"type-post","3":"status-publish","4":"format-standard","5":"has-post-thumbnail","7":"category-paris","8":"tag-actu","9":"tag-actu-paris","10":"tag-actualites","11":"tag-actualites-paris","12":"tag-eu","13":"tag-europe","14":"tag-fr","15":"tag-france","16":"tag-news","17":"tag-news-paris","18":"tag-paris","19":"tag-paris-news","20":"tag-republique-francaise"},"share_on_mastodon":{"url":"https:\/\/pubeurope.com\/@fr\/115137180281256699","error":""},"_links":{"self":[{"href":"https:\/\/www.europesays.com\/fr\/wp-json\/wp\/v2\/posts\/361867","targetHints":{"allow":["GET"]}}],"collection":[{"href":"https:\/\/www.europesays.com\/fr\/wp-json\/wp\/v2\/posts"}],"about":[{"href":"https:\/\/www.europesays.com\/fr\/wp-json\/wp\/v2\/types\/post"}],"author":[{"embeddable":true,"href":"https:\/\/www.europesays.com\/fr\/wp-json\/wp\/v2\/users\/2"}],"replies":[{"embeddable":true,"href":"https:\/\/www.europesays.com\/fr\/wp-json\/wp\/v2\/comments?post=361867"}],"version-history":[{"count":0,"href":"https:\/\/www.europesays.com\/fr\/wp-json\/wp\/v2\/posts\/361867\/revisions"}],"wp:featuredmedia":[{"embeddable":true,"href":"https:\/\/www.europesays.com\/fr\/wp-json\/wp\/v2\/media\/361868"}],"wp:attachment":[{"href":"https:\/\/www.europesays.com\/fr\/wp-json\/wp\/v2\/media?parent=361867"}],"wp:term":[{"taxonomy":"category","embeddable":true,"href":"https:\/\/www.europesays.com\/fr\/wp-json\/wp\/v2\/categories?post=361867"},{"taxonomy":"post_tag","embeddable":true,"href":"https:\/\/www.europesays.com\/fr\/wp-json\/wp\/v2\/tags?post=361867"}],"curies":[{"name":"wp","href":"https:\/\/api.w.org\/{rel}","templated":true}]}}