{"id":361875,"date":"2025-09-02T23:01:27","date_gmt":"2025-09-02T23:01:27","guid":{"rendered":"https:\/\/www.europesays.com\/fr\/361875\/"},"modified":"2025-09-02T23:01:27","modified_gmt":"2025-09-02T23:01:27","slug":"les-gens-ne-veulent-pas-mourir-pour-une-cause-perdue-en-ukraine-certains-hommes-fuient-la-conscription-forcee","status":"publish","type":"post","link":"https:\/\/www.europesays.com\/fr\/361875\/","title":{"rendered":"\u00abLes gens ne veulent pas mourir pour une cause perdue\u00bb: en Ukraine, certains hommes fuient la conscription forc\u00e9e"},"content":{"rendered":"<p><strong>\u00c0 Kharkiv (Ukraine).<\/strong><\/p>\n<p>TCK. En Ukraine, ces trois lettres terrorisent la population et font planer la menace d&rsquo;\u00eatre envoy\u00e9s au front face \u00e0 la Russie. <a href=\"https:\/\/factuel.afp.com\/doc.afp.com.36RB6UC\" target=\"_blank\" rel=\"nofollow noopener\">Aussi appel\u00e9e TCC<\/a> et d\u00e9signant le \u00abCentre territorial de recrutement et d&rsquo;accompagnement social\u00bb, cette branche de la police nationale ukrainienne soutenue par les services de renseignement et le minist\u00e8re de l&rsquo;int\u00e9rieur op\u00e8re dans les principales villes du pays en installant, dans les rues et les lieux fr\u00e9quent\u00e9s, des barrages al\u00e9atoires \u00e0 la recherche d&rsquo;hommes en \u00e2ge de combattre qui pourraient venir gonfler les rangs de l&rsquo;arm\u00e9e ukrainienne, mise \u00e0 mal par trois ans de conflit et de lourdes pertes sur le terrain.<\/p>\n<p>\u00c0 Kharkiv, dans le nord-est de l&rsquo;Ukraine, deuxi\u00e8me ville du pays avec environ 1,4 million d&rsquo;habitants et proche de la ligne de front, la pression est d&rsquo;autant plus forte. La solidarit\u00e9 citoyenne s&rsquo;organise pour aider et prot\u00e9ger ceux qui refusent de perdre la vie dans une guerre qui, selon eux, serait perdue d&rsquo;avance. Certains jeunes hommes rafl\u00e9s ont pay\u00e9 pour \u00eatre rel\u00e2ch\u00e9s et vivent aujourd&rsquo;hui dans la crainte d&rsquo;\u00eatre de nouveau arr\u00eat\u00e9s.<\/p>\n<p>        <img decoding=\"async\" alt=\"Abonnez-vous gratuitement \u00e0 la newsletter de Slate !\" loading=\"lazy\" class=\"ms-4 ms-md-0\" width=\"82\" height=\"82\" src=\"https:\/\/www.slate.fr\/assets\/newsletter-dd7c4ea7fb4ce45aacc56875521d4bde7ec4ba23f0a0ae088566df808b3a80c3.svg\"\/><br \/>\n        Abonnez-vous gratuitement \u00e0 la newsletter de Slate !Les articles sont s\u00e9lectionn\u00e9s pour vous, en fonction de vos centres d\u2019int\u00e9r\u00eat, tous les jours dans votre bo\u00eete mail.<\/p>\n<p>Se cacher ou \u00eatre arr\u00eat\u00e9<\/p>\n<p>\u00c0 Saltivka, un quartier r\u00e9sidentiel du nord de la ville de Kharkiv, Yevgeniy, 51 ans, a install\u00e9 son atelier de carrosserie dans un garage d\u00e9saffect\u00e9, o\u00f9 l&rsquo;aide Oleksiy, son fils de 26 ans. Selon lui, les contr\u00f4les et la <a href=\"https:\/\/www.slate.fr\/story\/232143\/guerre-ukraine-mobilisation-plus-en-plus-dure-appeles-combat-armee-soldats-conscription-peur\" target=\"_blank\" rel=\"nofollow noopener\">conscription<\/a> forc\u00e9e dans l&rsquo;arm\u00e9e ukrainienne ciblent en priorit\u00e9 les classes sociales les plus pauvres, au sein desquelles les gens sont les moins \u00e9duqu\u00e9s, car ils sont souvent plus influen\u00e7ables et ne peuvent pas payer l&rsquo;amende r\u00e9clam\u00e9e en \u00e9change d&rsquo;un sursis.<\/p>\n<p>Atteint d&rsquo;un <a href=\"https:\/\/www.slate.fr\/dossier\/2559\/cancer\" class=\"tag-link\" rel=\"nofollow noopener\" target=\"_blank\">cancer<\/a>, Oleksiy est en phase de r\u00e9mission. Il est officiellement dispens\u00e9 de servir sa patrie, mais il pr\u00e9f\u00e8re vivre cach\u00e9 par crainte d&rsquo;\u00eatre enr\u00f4l\u00e9 de force. \u00abLe gouvernement a les listes des personnes mobilisables, raconte le jeune homme. Un jour, des policiers se sont pr\u00e9sent\u00e9s chez moi, mais j&rsquo;\u00e9tais \u00e0 l&rsquo;h\u00f4pital pour recevoir mon traitement. Ils ont questionn\u00e9 ma m\u00e8re, puis sont venus \u00e0 l&rsquo;h\u00f4pital pour v\u00e9rifier mon \u00e9tat de sant\u00e9 en demandant aux m\u00e9decins \u00e0 quel moment j&rsquo;allais \u00eatre en \u00e9tat d&rsquo;aller combattre. J&rsquo;ai eu tr\u00e8s peur.\u00bb<\/p>\n<p><img decoding=\"async\" src=\"\/uploads\/store\/story_269831\/editor\/original_269831_1739894926.jpg\" width=\"730\" height=\"487\" alt=\"Ici en d\u00e9cembre 2024, le jeune Oleksiy, 26 ans, travaille cach\u00e9 dans l'atelier de carrosserie de son p\u00e8re dans la banlieue de Kharkiv, dans le nord-est de l'Ukraine. | L\u00e9a Thomas\" loading=\"lazy\"\/> <\/p>\n<p class=\"legend-container\">Ici en d\u00e9cembre 2024, le jeune Oleksiy, 26 ans, travaille cach\u00e9 dans l&rsquo;atelier de carrosserie de son p\u00e8re dans la banlieue de Kharkiv, dans le nord-est de l&rsquo;Ukraine. | L\u00e9a Thomas<\/p>\n<p>Quelques rues plus loin, Ruslan travaille dans une casse automobile en triant des pi\u00e8ces usag\u00e9es. Petite taille et visage juv\u00e9nile, \u00e0 28 ans, il a d\u00e9j\u00e0 \u00e9t\u00e9 arr\u00eat\u00e9 \u00e0 deux reprises. \u00abNormalement, j&rsquo;ai un certificat m\u00e9dical qui prouve que je souffre d&rsquo;un <a href=\"https:\/\/www.slate.fr\/dossier\/11273\/asthme\" class=\"tag-link\" rel=\"nofollow noopener\" target=\"_blank\">asthme<\/a> aggrav\u00e9 depuis l&rsquo;enfance, ce qui ne me permet pas d&rsquo;aller sur le front, pr\u00e9vient-il. Mais la TCK m&rsquo;a d\u00e9j\u00e0 attrap\u00e9 avec des m\u00e9thodes tr\u00e8s brutales. Ils m&rsquo;ont pris et m&rsquo;ont mis dans un fourgon en confisquant mon t\u00e9l\u00e9phone. J&rsquo;ai d\u00fb payer pour qu&rsquo;ils me laissent. Les sommes r\u00e9clam\u00e9es sont tr\u00e8s \u00e9lev\u00e9es si on les compare au niveau de vie et aux revenus actuels en Ukraine. La derni\u00e8re fois, j&rsquo;ai d\u00fb payer une amende de 100.000 hryvnias [l&rsquo;\u00e9quivalent de 2.300 euros, ndlr]. Souvent, la police convoque les hommes pour mettre \u00e0 jour leurs documents militaires, mais c&rsquo;est une excuse pour les attirer au bureau de recrutement et les arr\u00eater.\u00bb<\/p>\n<p><img decoding=\"async\" src=\"\/uploads\/store\/story_269831\/editor\/original_269831_1739895425.jpg\" width=\"450\" height=\"675\" alt=\"Ruslan, 28 ans, a d\u00e9j\u00e0 \u00e9t\u00e9 arr\u00eat\u00e9 \u00e0 trois reprises par la TCK. Il a d\u00fb payer des sommes importantes pour \u00eatre rel\u00e2ch\u00e9. | L\u00e9a Thomas\" loading=\"lazy\"\/> <\/p>\n<p class=\"legend-container\">Ruslan, 28 ans, a d\u00e9j\u00e0 \u00e9t\u00e9 arr\u00eat\u00e9 \u00e0 trois reprises par la TCK. Il a d\u00fb payer des sommes importantes pour \u00eatre rel\u00e2ch\u00e9. | L\u00e9a Thomas<\/p>\n<p>Dans un appartement abandonn\u00e9 de la deuxi\u00e8me ville d&rsquo;Ukraine apr\u00e8s Kiev, Oleksandr survit sans chauffage, malgr\u00e9 les temp\u00e9ratures glaciales du mois de d\u00e9cembre 2024, un sac \u00e0 dos regroupant ses quelques affaires. \u00c0 48 ans, il a lui aussi \u00e9t\u00e9 arr\u00eat\u00e9 plusieurs fois. Selon lui, l&rsquo;\u00c9tat ukrainien cherche \u00e0 se d\u00e9barrasser des hommes invalides et estropi\u00e9s, pour ne plus avoir \u00e0 leur verser les indemnit\u00e9s d&rsquo;invalidit\u00e9.<\/p>\n<blockquote><p>\u00abLes Russes sont beaucoup plus forts, c&rsquo;est une \u00e9vidence. Les gens ne veulent pas mourir pour une cause perdue.\u00bb<\/p><\/blockquote>\n<p>Oleksandr, 48 ans, habitant de Kharkiv<\/p>\n<p>Russophones, les hommes des r\u00e9gions de l&rsquo;Est ukrainien seraient \u00e9galement vis\u00e9s en premier. Bless\u00e9 lors de la guerre du <a href=\"https:\/\/www.slate.fr\/dossier\/71853\/donbass\" class=\"tag-link\" rel=\"nofollow noopener\" target=\"_blank\">Donbass<\/a> en 2014, Oleksandr t\u00e9moigne \u00e0 visage d\u00e9couvert, arguant ne plus avoir grand-chose \u00e0 perdre. \u00abJe n&rsquo;ai plus d&rsquo;habitation et mes documents d&rsquo;identit\u00e9 ont \u00e9t\u00e9 d\u00e9truits en 2022 durant l&rsquo;occupation russe, lorsque ma maison a \u00e9t\u00e9 bombard\u00e9e, retrace-t-il. Personne ne viendra me chercher ici. L&rsquo;\u00c9tat ukrainien se fait passer pour une grande victime dans cette histoire, mais en r\u00e9alit\u00e9, <a href=\"https:\/\/www.lexpress.fr\/monde\/en-ukraine-des-faux-certificats-pour-echapper-a-larmee-le-scandale-de-corruption-qui-secoue-le-pays-2GGT7OGKHBG4ZFFM7VVE7HG7NY\/\" target=\"_blank\" rel=\"nofollow noopener\">c&rsquo;est la corruption<\/a>. Les hommes riches et influents ont \u00e9t\u00e9 mis \u00e0 l&rsquo;abri en Europe et les pauvres doivent mourir pour le pays.\u00bb<\/p>\n<p>Depuis l&rsquo;annonce de la mobilisation g\u00e9n\u00e9rale au premier jour de l&rsquo;invasion russe de l&rsquo;<a href=\"https:\/\/www.slate.fr\/dossier\/4511\/ukraine\" class=\"tag-link\" rel=\"nofollow noopener\" target=\"_blank\">Ukraine<\/a>, il y a maintenant pr\u00e8s de trois ans, le 24 f\u00e9vrier 2022, les hommes ukrainiens \u00e2g\u00e9s de 18 \u00e0 60 ans ont <a href=\"https:\/\/www.bfmtv.com\/international\/guerre-en-ukraine-les-hommes-de-18-a-60-ans-ne-peuvent-plus-quitter-le-pays_AN-202202250306.html\" target=\"_blank\" rel=\"nofollow noopener\">l&rsquo;interdiction de sortir du territoire<\/a>, \u00e0 de rares exceptions pr\u00e8s. Le regard vide, Oleksandr conclut: \u00abLes Russes sont beaucoup plus forts, c&rsquo;est une \u00e9vidence. Les gens ne veulent pas mourir pour une cause perdue.\u00bb<\/p>\n<p><img decoding=\"async\" src=\"\/uploads\/store\/story_269831\/editor\/original_269831_1739895609.jpg\" width=\"450\" height=\"675\" alt=\"Oleksandr a \u00e9t\u00e9 bless\u00e9 lors de la guerre du Donbass en 2014, puis il a perdu sa maison et ses papiers d'identit\u00e9 pendant l'occupation russe de fin f\u00e9vrier \u00e0 d\u00e9but octobre 2022. Il vit toujours \u00e0 Kharkiv dans des appartements abandonn\u00e9s. | L\u00e9a Thomas\" loading=\"lazy\"\/> <\/p>\n<p class=\"legend-container\">Oleksandr a \u00e9t\u00e9 bless\u00e9 lors de la guerre du Donbass en 2014, puis il a perdu sa maison et ses papiers d&rsquo;identit\u00e9 pendant l&rsquo;occupation russe de fin f\u00e9vrier \u00e0 d\u00e9but octobre 2022. Il vit toujours \u00e0 Kharkiv dans des appartements abandonn\u00e9s. | L\u00e9a Thomas<\/p>\n<p>Des pratiques vivement critiqu\u00e9es par la soci\u00e9t\u00e9 civile<\/p>\n<p>Pourtant, pour la population ukrainienne <a href=\"https:\/\/www.defense.gouv.fr\/ukraine-point-situation\" target=\"_blank\" rel=\"nofollow noopener\">qui voit les troupes russes progresser<\/a>, malgr\u00e9 la mobilisation de ses compatriotes sur le front, les enr\u00f4lements par la force sont loin de faire l&rsquo;unanimit\u00e9. Des groupes d&rsquo;informations se mettent en place sur les r\u00e9seaux sociaux pour identifier les lieux o\u00f9 <a href=\"https:\/\/www.leparisien.fr\/video\/video-cest-la-loterie-cette-unite-ukrainienne-traque-les-hommes-en-age-de-rejoindre-larmee-07-02-2025-AIE7VVG65FBALHEHJVLNTD2NRU.php\" target=\"_blank\" rel=\"nofollow noopener\">la TCK effectue des contr\u00f4les<\/a> et cible les hommes en \u00e2ge de combattre au sein de l&rsquo;arm\u00e9e ukrainienne, pr\u00e8s d&rsquo;un an apr\u00e8s <a href=\"https:\/\/www.lemonde.fr\/international\/article\/2024\/04\/03\/guerre-en-ukraine-zelensky-abaisse-l-age-de-la-mobilisation-de-27-a-25-ans_6225775_3210.html\" target=\"_blank\" rel=\"nofollow noopener\">l&rsquo;abaissement officiel de l&rsquo;\u00e2ge l\u00e9gal de la mobilisation de 27 \u00e0 25 ans<\/a>, au d\u00e9but du mois d&rsquo;avril 2024. Les endroits o\u00f9 la TCK op\u00e8re sont multiples et vont des rues aux parcs publics, ainsi que dans les centres commerciaux et aux entr\u00e9es du m\u00e9tro.<\/p>\n<p>Arseni est chauffeur de VTC \u00e0 <a href=\"https:\/\/korii.slate.fr\/et-caetera\/ukraine-deroute-kharkiv-splendide-troll-ministere-defense-ukrainien-materiel-russe-abandonne-emojis-azov-wagner\" target=\"_blank\" rel=\"nofollow noopener\">Kharkiv<\/a>. Il appuie sur l&rsquo;importance de la solidarit\u00e9 entre citoyens. \u00abVous voyez, ces applications sont utilis\u00e9es par de nombreuses personnes qui s&rsquo;organisent pour ne pas \u00eatre attrap\u00e9es, indique-t-il en montrant son t\u00e9l\u00e9phone portable. Des habitants de Kharkiv de tous \u00e2ges, hommes et femmes, mettent \u00e0 jour en temps r\u00e9el les rues o\u00f9 la police est post\u00e9e et proc\u00e8de \u00e0 des contr\u00f4les. Souvent, des agents de la TCK font le guet dans les parcs dans l&rsquo;attente d&rsquo;hommes qui passeraient par l\u00e0. R\u00e9cemment, les contr\u00f4les se sont multipli\u00e9s et les arrestations violentes aussi. Ces derniers jours [en f\u00e9vrier 2025, ndlr], la police a organis\u00e9 des descentes dans les bars et les restaurants, mais aussi \u00e0 la gare ferroviaire, qui repr\u00e9sente le premier lieu par lequel les hommes peuvent fuir.\u00bb<\/p>\n<p><img decoding=\"async\" src=\"\/uploads\/store\/story_269831\/editor\/original_269831_1739895782.jpg\" width=\"730\" height=\"487\" alt=\"Un exemple de r\u00e9seau social utilis\u00e9 par les citoyens de Kharkiv pour localiser et partager les lieux de contr\u00f4le de la TCK, \u00e9crit \u00ab\u0422\u0426\u041a\u00bb en cyrillique. D\u00e9cembre 2024. | L\u00e9a Thomas\" loading=\"lazy\"\/> <\/p>\n<p class=\"legend-container\">Un exemple de r\u00e9seau social utilis\u00e9 par les citoyens de Kharkiv pour localiser et partager les lieux de contr\u00f4le de la TCK, \u00e9crit \u00ab\u0422\u0426\u041a\u00bb en cyrillique. D\u00e9cembre 2024. | L\u00e9a Thomas<\/p>\n<p>Dans un contexte extr\u00eamement difficile pour une <a href=\"https:\/\/korii.slate.fr\/et-caetera\/armee-ukrainienne-ruse-miaulements-chat-piege-soldats-russes-explosifs-enregistrement-tactique-non-conventionnelle-ingeniosite-propagande-guerre\" target=\"_blank\" rel=\"nofollow noopener\">arm\u00e9e<\/a> de Kiev en manque d&rsquo;effectif, la police ukrainienne a annonc\u00e9, les vendredis 10 et 17 janvier, avoir effectu\u00e9 respectivement <a href=\"https:\/\/www.francetvinfo.fr\/monde\/europe\/manifestations-en-ukraine\/guerre-en-ukraine-la-police-ukrainienne-mene-une-vaste-operation-contre-des-refractaires-a-la-mobilisation_7004048.html\" target=\"_blank\" rel=\"nofollow noopener\">plus de 600 perquisitions<\/a>, puis <a href=\"https:\/\/www.lefigaro.fr\/international\/guerre-en-ukraine-200-perquisitions-menees-contre-la-fuite-a-l-etranger-de-refractaires-a-la-mobilisation-20250117\" target=\"_blank\" rel=\"nofollow noopener\">plus de 200 op\u00e9rations du m\u00eame type<\/a> dans plusieurs r\u00e9gions du pays. Et ce, afin d&rsquo;enrayer les r\u00e9seaux de passeurs qui exfiltrent des hommes qui fuient la conscription obligatoire pour les individus entre 25 et 60 ans.<\/p>\n<p>\u00c0 cela s&rsquo;ajoute la mise en place par le gouvernement ukrainien <a href=\"https:\/\/www.lemonde.fr\/international\/article\/2025\/02\/14\/l-ukraine-propose-un-contrat-d-un-an-dans-l-armee-pour-les-18-a-24-ans_6546309_3210.html\" target=\"_blank\" rel=\"nofollow noopener\">d&rsquo;un contrat d&rsquo;engagement militaire<\/a> d&rsquo;une dur\u00e9e d&rsquo;un an, \u00e0 destination des jeunes hommes \u00e2g\u00e9s de 18 \u00e0 24 ans. Bas\u00e9e cette fois sur le volontariat, cette nouvelle \u00abinitiative\u00bb <a href=\"https:\/\/www.bfmtv.com\/international\/europe\/ukraine\/contrat-18-24-comment-l-armee-ukrainienne-cherche-a-attirer-des-jeunes-volontaires-dans-ses-rangs_AN-202502131017.html\" target=\"_blank\" rel=\"nofollow noopener\">pr\u00e9sent\u00e9e le 11 f\u00e9vrier par le minist\u00e8re ukrainien de la D\u00e9fense<\/a>, permettra un recrutement suppl\u00e9mentaire de <a href=\"https:\/\/www.slate.fr\/monde\/soldat-jour-poete-musicien-nuit-star-ukraine-armee-engagement-troupes-concert-guerre-russie\" target=\"_blank\" rel=\"nofollow noopener\">soldats<\/a> pour tenter de freiner l&rsquo;avanc\u00e9e des forces russes sur le front de l&rsquo;Est, alors que le <a href=\"https:\/\/www.slate.fr\/dossier\/72629\/guerre-en-ukraine\" target=\"_blank\" rel=\"nofollow noopener\">conflit russo-ukrainien<\/a> s&rsquo;appr\u00eate \u00e0 entrer dans sa quatri\u00e8me ann\u00e9e.<\/p>\n","protected":false},"excerpt":{"rendered":"\u00c0 Kharkiv (Ukraine). TCK. En Ukraine, ces trois lettres terrorisent la population et font planer la menace d&rsquo;\u00eatre&hellip;\n","protected":false},"author":2,"featured_media":361876,"comment_status":"","ping_status":"","sticky":false,"template":"","format":"standard","meta":{"footnotes":""},"categories":[1590],"tags":[11,1777,674,12,220],"class_list":{"0":"post-361875","1":"post","2":"type-post","3":"status-publish","4":"format-standard","5":"has-post-thumbnail","7":"category-ukraine","8":"tag-actualites","9":"tag-eu","10":"tag-europe","11":"tag-news","12":"tag-ukraine"},"share_on_mastodon":{"url":"https:\/\/pubeurope.com\/@fr\/115137195985299179","error":""},"_links":{"self":[{"href":"https:\/\/www.europesays.com\/fr\/wp-json\/wp\/v2\/posts\/361875","targetHints":{"allow":["GET"]}}],"collection":[{"href":"https:\/\/www.europesays.com\/fr\/wp-json\/wp\/v2\/posts"}],"about":[{"href":"https:\/\/www.europesays.com\/fr\/wp-json\/wp\/v2\/types\/post"}],"author":[{"embeddable":true,"href":"https:\/\/www.europesays.com\/fr\/wp-json\/wp\/v2\/users\/2"}],"replies":[{"embeddable":true,"href":"https:\/\/www.europesays.com\/fr\/wp-json\/wp\/v2\/comments?post=361875"}],"version-history":[{"count":0,"href":"https:\/\/www.europesays.com\/fr\/wp-json\/wp\/v2\/posts\/361875\/revisions"}],"wp:featuredmedia":[{"embeddable":true,"href":"https:\/\/www.europesays.com\/fr\/wp-json\/wp\/v2\/media\/361876"}],"wp:attachment":[{"href":"https:\/\/www.europesays.com\/fr\/wp-json\/wp\/v2\/media?parent=361875"}],"wp:term":[{"taxonomy":"category","embeddable":true,"href":"https:\/\/www.europesays.com\/fr\/wp-json\/wp\/v2\/categories?post=361875"},{"taxonomy":"post_tag","embeddable":true,"href":"https:\/\/www.europesays.com\/fr\/wp-json\/wp\/v2\/tags?post=361875"}],"curies":[{"name":"wp","href":"https:\/\/api.w.org\/{rel}","templated":true}]}}