{"id":361877,"date":"2025-09-02T23:02:16","date_gmt":"2025-09-02T23:02:16","guid":{"rendered":"https:\/\/www.europesays.com\/fr\/361877\/"},"modified":"2025-09-02T23:02:16","modified_gmt":"2025-09-02T23:02:16","slug":"questionne-sur-hutson-le-dg-des-etats-unis-patine","status":"publish","type":"post","link":"https:\/\/www.europesays.com\/fr\/361877\/","title":{"rendered":"Questionn\u00e9 sur Hutson, le DG des \u00c9tats-Unis patine"},"content":{"rendered":"<p><strong>Directeur g\u00e9n\u00e9ral de l\u2019\u00e9quipe am\u00e9ricaine olympique, Bill Guerin a comment\u00e9 bri\u00e8vement mardi l\u2019absence du d\u00e9fenseur Lane Hutson au r\u00e9cent camp d\u2019orientation, mais il a offert une r\u00e9ponse digne d\u2019un politicien.<\/strong>\u00a0<\/p>\n<p class=\"toreadalso-fromEMP\"><strong>\u2022 \u00c0 lire aussi: <\/strong><a href=\"https:\/\/www.journaldequebec.com\/2025\/09\/02\/voici-pourquoi-le-canadien-veut-et-doit-echanger-carey-price\" target=\"e77abf5b-2b5b-40f7-a252-15ef7e10fe45\" rel=\"nofollow noopener\"><strong>Voici pourquoi le Canadien veut (et doit) \u00e9changer Carey Price<\/strong><\/a><\/p>\n<p class=\"toreadalso-fromEMP\"><strong>\u2022 \u00c0 lire aussi: <\/strong><a href=\"http:\/\/www.tvasports.ca\/2025\/09\/02\/lutte-feroce-entre-4-attaquants-a-prevoir-au-camp-du-ch\" target=\"5a39146a-23dd-4304-bcbe-202676cadb4b\" rel=\"nofollow noopener\"><strong>Lutte f\u00e9roce entre 5 attaquants \u00e0 pr\u00e9voir au camp du CH <\/strong><\/a><\/p>\n<p class=\"toreadalso-fromEMP\"><strong>\u2022 \u00c0 lire aussi: <\/strong><a href=\"https:\/\/www.journaldemontreal.com\/2025\/09\/02\/lane-hutson-serait-le-34e-meilleur-joueur-de-la-lnh-en-dessous-de-23-ans-selon-un-specialiste-des-espoirs\" target=\"976fb324-deaf-44f9-b99d-d73fdb3ccadf\" rel=\"nofollow noopener\"><strong>Lane Hutson serait le 34e meilleur joueur de la LNH en dessous de 23 ans, selon un sp\u00e9cialiste des espoirs<\/strong><\/a><\/p>\n<p>Celui occupant le poste de DG du Wild du Minnesota a \u00e9t\u00e9 questionn\u00e9 par le journaliste du r\u00e9seau Sportsnet Eric Engels quant au choix de USA Hockey d\u2019exclure de son camp le plus r\u00e9cent r\u00e9cipiendaire du troph\u00e9e Calder. Sans surprise, la mise de c\u00f4t\u00e9 du porte-couleurs du Canadien de Montr\u00e9al a fait jaser dans quelques chaumi\u00e8res. Toutefois, Guerin semble tr\u00e8s \u00e0 l\u2019aise avec les d\u00e9cisions prises jusqu\u2019ici.<\/p>\n<p>\u00abEn termes de profondeur, il s\u2019agit l\u00e0 du meilleur groupe de gardiens, d\u2019arri\u00e8res et d\u2019attaquants que nous n\u2019avons jamais eu, a affirm\u00e9 le dirigeant. Lane est un excellent joueur ayant un brillant avenir. Il obtiendra toutes les opportunit\u00e9s de prouver son savoir-faire.\u00bb<\/p>\n<blockquote class=\"twitter-tweet\">\n<p lang=\"en\" dir=\"ltr\">Down at NHL coaches\/GMs meeting, where I caught up with USA Hockey\u2019s Bill Guerin. Asked him about Lane Hutson\u2019s absence from USA\u2019s Olympic orientation camp. His answer: \u201cThis is the deepest crop of goaltenders, defencemen and forwards USA\u2019s ever had. Lane is an excellent player,\u2026<\/p>\n<p>\u2014 Eric Engels (@EricEngels) <a href=\"https:\/\/twitter.com\/EricEngels\/status\/1962978590422925690?ref_src=twsrc%5Etfw\" rel=\"nofollow noopener\" target=\"_blank\">September 2, 2025<\/a><\/p><\/blockquote>\n<p>Il reste \u00e0 voir si ces propos se traduiront ult\u00e9rieurement par un carton d\u2019invitation de la part de l\u2019\u00e9quipe des \u00c9tats-Unis. Ce sera \u00e0 Hutson de forcer la main de Guerin par le biais d\u2019autres performances convaincantes sur la glace pendant les premiers mois du calendrier r\u00e9gulier.\u00a0<\/p>\n<p>Le mois dernier, une source proche du dossier a mentionn\u00e9 au site RG.org qu&rsquo;Hutson avait \u00e9t\u00e9 \u00e9cart\u00e9 en raison de sa non-participation au Championnat du monde. En revanche, le hockeyeur concern\u00e9 a d\u00e9j\u00e0 disput\u00e9 le Mondial junior en 2023 et 2024.<\/p>\n<p>Chez le Tricolore, Cole Caufield a eu la chance de prendre part au camp am\u00e9ricain \u00e0 la fin ao\u00fbt.<\/p>\n<p>                                        <script async src=\"https:\/\/platform.twitter.com\/widgets.js\" charset=\"utf-8\"><\/script><\/p>\n","protected":false},"excerpt":{"rendered":"Directeur g\u00e9n\u00e9ral de l\u2019\u00e9quipe am\u00e9ricaine olympique, Bill Guerin a comment\u00e9 bri\u00e8vement mardi l\u2019absence du d\u00e9fenseur Lane Hutson au&hellip;\n","protected":false},"author":2,"featured_media":361878,"comment_status":"","ping_status":"","sticky":false,"template":"","format":"standard","meta":{"footnotes":""},"categories":[1589],"tags":[11,73,1866,12,1864,1865,1863,308],"class_list":{"0":"post-361877","1":"post","2":"type-post","3":"status-publish","4":"format-standard","5":"has-post-thumbnail","7":"category-etats-unis","8":"tag-actualites","9":"tag-etats-unis","10":"tag-etats-unis-damerique","11":"tag-news","12":"tag-united-states","13":"tag-united-states-of-america","14":"tag-us","15":"tag-usa"},"share_on_mastodon":{"url":"https:\/\/pubeurope.com\/@fr\/115137199819645226","error":""},"_links":{"self":[{"href":"https:\/\/www.europesays.com\/fr\/wp-json\/wp\/v2\/posts\/361877","targetHints":{"allow":["GET"]}}],"collection":[{"href":"https:\/\/www.europesays.com\/fr\/wp-json\/wp\/v2\/posts"}],"about":[{"href":"https:\/\/www.europesays.com\/fr\/wp-json\/wp\/v2\/types\/post"}],"author":[{"embeddable":true,"href":"https:\/\/www.europesays.com\/fr\/wp-json\/wp\/v2\/users\/2"}],"replies":[{"embeddable":true,"href":"https:\/\/www.europesays.com\/fr\/wp-json\/wp\/v2\/comments?post=361877"}],"version-history":[{"count":0,"href":"https:\/\/www.europesays.com\/fr\/wp-json\/wp\/v2\/posts\/361877\/revisions"}],"wp:featuredmedia":[{"embeddable":true,"href":"https:\/\/www.europesays.com\/fr\/wp-json\/wp\/v2\/media\/361878"}],"wp:attachment":[{"href":"https:\/\/www.europesays.com\/fr\/wp-json\/wp\/v2\/media?parent=361877"}],"wp:term":[{"taxonomy":"category","embeddable":true,"href":"https:\/\/www.europesays.com\/fr\/wp-json\/wp\/v2\/categories?post=361877"},{"taxonomy":"post_tag","embeddable":true,"href":"https:\/\/www.europesays.com\/fr\/wp-json\/wp\/v2\/tags?post=361877"}],"curies":[{"name":"wp","href":"https:\/\/api.w.org\/{rel}","templated":true}]}}