{"id":361883,"date":"2025-09-02T23:05:18","date_gmt":"2025-09-02T23:05:18","guid":{"rendered":"https:\/\/www.europesays.com\/fr\/361883\/"},"modified":"2025-09-02T23:05:18","modified_gmt":"2025-09-02T23:05:18","slug":"prete-a-donner-des-garanties-de-securite-leurope-suspendue-a-lengagement-americain","status":"publish","type":"post","link":"https:\/\/www.europesays.com\/fr\/361883\/","title":{"rendered":"\u00abpr\u00eate\u00bb \u00e0 donner des garanties de s\u00e9curit\u00e9, l\u2019Europe suspendue \u00e0 l\u2019engagement am\u00e9ricain"},"content":{"rendered":"<p><strong>ANALYSE<\/strong> &#8211; Une r\u00e9union de la \u00abcoalition des volontaires\u00bb doit se tenir jeudi \u00e0 Paris et en visioconf\u00e9rence.<\/p>\n<p class=\"fig-paragraph\">Les \u00e9ch\u00e9ances fix\u00e9es par Donald Trump sont tomb\u00e9es. Mais les promesses de n\u00e9gociations ne se sont pas concr\u00e9tis\u00e9es. Plus de deux semaines apr\u00e8s la\u00a0<a href=\"http:\/\/www.lefigaro.fr\/international\/guerre-en-ukraine-le-sursaut-des-europeens-pour-ramener-trump-dans-leur-camp-20250819\" data-fig-type=\"Article\" data-gtm-custom-categorie=\"navigation\" data-gtm-custom-action=\"crossclick\" data-gtm-custom-label=\"Contextuel\" data-gtm-event=\"customEventSPE\" data-fig-domain=\"LEFIGARO\" rel=\"nofollow noopener\" target=\"_blank\">rencontre\u00a0<\/a>\u00e0 Washington entre le pr\u00e9sident am\u00e9ricain, le pr\u00e9sident ukrainien, Volodymyr Zelensky, et six leaders europ\u00e9ens, rien n\u2019a chang\u00e9 ou presque dans le conflit en cours depuis plus de trois ans et demi. La rencontre \u00e9voqu\u00e9e entre Vladimir Poutine et Volodymyr Zelensky n\u2019a pas eu lieu. A-t-elle \u00e9t\u00e9 seulement s\u00e9rieusement envisag\u00e9e par le Kremlin\u00a0? Les bombardements se sont poursuivis contre l\u2019Ukraine. Donald Trump n\u2019a pas impos\u00e9 de nouvelles sanctions. Il a seulement accept\u00e9 de vendre \u00e0 l\u2019Ukraine 3\u00a0350\u00a0missiles air-sol \u00e0 longue port\u00e9e pour 825\u00a0millions de dollars, sans donner de pr\u00e9cisions.<\/p>\n<p class=\"fig-paragraph\">De son c\u00f4t\u00e9, Moscou a adress\u00e9 quelques avertissements aux Occidentaux et surtout aux Europ\u00e9ens, pr\u00e9sent\u00e9s dans la rh\u00e9torique russe comme des obstacles aux n\u00e9gociations. Ils ont \u00ab\u00a0pris le parti de la guerre\u00a0\u00bb, a os\u00e9, dimanche, le porte-parole\u2026<\/p>\n<p class=\"fig-premium-paywall__infos\">\n        Cet article est r\u00e9serv\u00e9 aux abonn\u00e9s.        Il vous reste 85% \u00e0 d\u00e9couvrir.\n    <\/p>\n<p>                <img  data- alt=\"Le Figaro\" class=\"fig-img--complete fig-img\"\/><\/p>\n<p class=\"fig-premium-paywall__title\">Vente Flash<\/p>\n<p class=\"fig-premium-paywall__subtitle\">4,99\u20ac par mois pendant 12 mois. Sans engagement<\/p>\n<p class=\"fig-premium-paywall__connect\">\n                D\u00e9j\u00e0 abonn\u00e9\u00a0?                <a class=\"fig-premium-paywall__connect-link\" href=\"https:\/\/connect.lefigaro.fr\/login?client=horizon_web&amp;type=main&amp;redirect_uri=https%3A%2F%2Fwww.lefigaro.fr%2Finternational%2Fukraine-prete-a-donner-des-garanties-de-securite-l-europe-suspendue-a-l-engagement-americain-20250902\" data-js-gtm=\"{&quot;customCategorie&quot;: &quot;conversion&quot;, &quot;customAction&quot;: &quot;before_Landing_Connexion_paywall_auto&quot;, &quot;customLabel&quot;: &quot;bGVmaWdhcm8uZnJfXzFmMDg3ZmVkLWVmNDktNmNlNC1iMWNjLTBiM2RkMmM5NGEzZF9fQXJ0aWNsZQ==_Ukraine\u00a0: \u00abpr\u00eate\u00bb \u00e0 donner des garanties de s\u00e9curit\u00e9, l\u2019Europe suspendue \u00e0 l\u2019engagement am\u00e9ricain_246&quot;, &quot;customIDSPE&quot;: &quot;bGVmaWdhcm8uZnJfXzFmMDg3ZmVkLWVmNDktNmNlNC1iMWNjLTBiM2RkMmM5NGEzZF9fQXJ0aWNsZQ==&quot;, &quot;event&quot;: &quot;customEventSPE&quot;}\" rel=\"nofollow noopener\" target=\"_blank\"><br \/>\n                    Connectez-vous<br \/>\n                <\/a>\n            <\/p>\n","protected":false},"excerpt":{"rendered":"ANALYSE &#8211; Une r\u00e9union de la \u00abcoalition des volontaires\u00bb doit se tenir jeudi \u00e0 Paris et en visioconf\u00e9rence.&hellip;\n","protected":false},"author":2,"featured_media":361884,"comment_status":"","ping_status":"","sticky":false,"template":"","format":"standard","meta":{"footnotes":""},"categories":[1586],"tags":[11,554,1777,674,1011,27,12,25,220],"class_list":{"0":"post-361883","1":"post","2":"type-post","3":"status-publish","4":"format-standard","5":"has-post-thumbnail","7":"category-europe","8":"tag-actualites","9":"tag-defense","10":"tag-eu","11":"tag-europe","12":"tag-fr","13":"tag-france","14":"tag-news","15":"tag-republique-francaise","16":"tag-ukraine"},"share_on_mastodon":{"url":"https:\/\/pubeurope.com\/@fr\/115137211512490545","error":""},"_links":{"self":[{"href":"https:\/\/www.europesays.com\/fr\/wp-json\/wp\/v2\/posts\/361883","targetHints":{"allow":["GET"]}}],"collection":[{"href":"https:\/\/www.europesays.com\/fr\/wp-json\/wp\/v2\/posts"}],"about":[{"href":"https:\/\/www.europesays.com\/fr\/wp-json\/wp\/v2\/types\/post"}],"author":[{"embeddable":true,"href":"https:\/\/www.europesays.com\/fr\/wp-json\/wp\/v2\/users\/2"}],"replies":[{"embeddable":true,"href":"https:\/\/www.europesays.com\/fr\/wp-json\/wp\/v2\/comments?post=361883"}],"version-history":[{"count":0,"href":"https:\/\/www.europesays.com\/fr\/wp-json\/wp\/v2\/posts\/361883\/revisions"}],"wp:featuredmedia":[{"embeddable":true,"href":"https:\/\/www.europesays.com\/fr\/wp-json\/wp\/v2\/media\/361884"}],"wp:attachment":[{"href":"https:\/\/www.europesays.com\/fr\/wp-json\/wp\/v2\/media?parent=361883"}],"wp:term":[{"taxonomy":"category","embeddable":true,"href":"https:\/\/www.europesays.com\/fr\/wp-json\/wp\/v2\/categories?post=361883"},{"taxonomy":"post_tag","embeddable":true,"href":"https:\/\/www.europesays.com\/fr\/wp-json\/wp\/v2\/tags?post=361883"}],"curies":[{"name":"wp","href":"https:\/\/api.w.org\/{rel}","templated":true}]}}