{"id":361885,"date":"2025-09-02T23:06:14","date_gmt":"2025-09-02T23:06:14","guid":{"rendered":"https:\/\/www.europesays.com\/fr\/361885\/"},"modified":"2025-09-02T23:06:14","modified_gmt":"2025-09-02T23:06:14","slug":"bruno-retailleau-estime-que-sans-lintervention-des-policiers-il-y-aurait-eu-dautres-victimes","status":"publish","type":"post","link":"https:\/\/www.europesays.com\/fr\/361885\/","title":{"rendered":"Bruno Retailleau estime que \u00ab\u00a0sans l&rsquo;intervention des policiers, il y aurait eu d&rsquo;autres victimes\u00a0\u00bb"},"content":{"rendered":"<p>Hier \u00e0 23h51<\/p>\n<p>La piste terroriste exclue \u00e0 ce stade par les enqu\u00eateurs<\/p>\n<p>Ce direct est d\u00e9sormais termin\u00e9, merci de l&rsquo;avoir suivi.<\/p>\n<p>Un homme a \u00e9t\u00e9 abattu par des policiers dans un quartier tr\u00e8s fr\u00e9quent\u00e9 du centre de Marseille, apr\u00e8s avoir bless\u00e9 au couteau cinq personnes, dont une est dans un \u00e9tat \u00ab\u00a0critique\u00a0\u00bb, selon le procureur de la ville.<\/p>\n<p>La piste terroriste est, \u00e0 ce stade, exclue par les enqu\u00eateurs qui privil\u00e9gient un \u00ab\u00a0motif priv\u00e9\u00a0\u00bb.<\/p>\n<p>Le suspect, de nationalit\u00e9 tunisienne et en situation r\u00e9guli\u00e8re, \u00e9tait connu des services de police et de justice, notamment pour des paroles antis\u00e9mites prof\u00e9r\u00e9es devant une mosqu\u00e9e.<\/p>\n<p>Hier \u00e0 21h26<\/p>\n<p>Bruno Retailleau annonce que \u00ab\u00a0le motif de radicalisation semble \u00e9cart\u00e9\u00a0\u00bb<\/p>\n<p>Si les paroles prof\u00e9r\u00e9es par le suspect lors de son attaque restent \u00e0 \u00eatre analys\u00e9es par les enqu\u00eateurs, Bruno Retailleau explique aux journalistes que le Parquet national antiterroriste ne se saisira pas de l&rsquo;affaire.<\/p>\n<p>\u00ab\u00a0Il semble, au moment o\u00f9 je vous parle, que le PNAT a \u00e9cart\u00e9 sa saisie\u00a0\u00bb, explique le ministre de l&rsquo;Int\u00e9rieur. \u00ab\u00a0Le motif de radicalisation semble \u00e9cart\u00e9\u00a0\u00bb, ajoute-t-il.<\/p>\n<p>Il souligne, comme l&rsquo;a fait le procureur de Marseille avant lui, que \u00ab\u00a0le mobile semble \u00eatre un motif priv\u00e9, une question de loyer non pay\u00e9, une expulsion qui se termine mal.\u00a0\u00bb<\/p>\n<p>Hier \u00e0 21h16<\/p>\n<p>Le suspect \u00e9tait \u00ab\u00a0favorablement connu\u00a0\u00bb de la Justice, notamment pour des \u00ab\u00a0paroles antis\u00e9mites\u00a0\u00bb<\/p>\n<p>\u00ab\u00a0Il avait une carte de s\u00e9jour et est en situation r\u00e9guli\u00e8re, sa carte de s\u00e9jour devait se terminer en 2032\u00a0\u00bb, commence Bruno Retailleau, \u00e9voquant le profil du suspect, qui \u00e9tait \u00ab\u00a0favorablement connu de nos services, il avait eu affaire \u00e0 la justice.\u00a0\u00bb<\/p>\n<p>\u00ab\u00a0Le pr\u00e9fet de l&rsquo;H\u00e9rault avait saisi l&rsquo;autorit\u00e9 judiciaire \u00e0 la fin du mois d&rsquo;ao\u00fbt pour signaler un certain nombre d&rsquo;agissements et notamment des paroles antis\u00e9mites prof\u00e9r\u00e9es devant la mosqu\u00e9e de S\u00e8te\u00a0\u00bb, d\u00e9taille le ministre de l&rsquo;Int\u00e9rieur.<\/p>\n<p>Hier \u00e0 21h12<\/p>\n<p>Bruno Retailleau estime que \u00ab\u00a0sans l&rsquo;intervention des policiers, il y aurait eu d&rsquo;autres victimes\u00a0\u00bb<\/p>\n<p>\u00ab\u00a0Sans l&rsquo;intervention des policiers (&#8230;), je peux vous assurer qu&rsquo;il y aurait eu d&rsquo;autres victimes\u00a0\u00bb, assure Bruno Retailleau aux cam\u00e9ras depuis Marseille.<\/p>\n<p>\u00ab\u00a0L&rsquo;invidivu voulait terminer son p\u00e9riple meurtrier en mourrant\u00a0\u00bb, ajoute le ministre de l&rsquo;Int\u00e9rieur, qui remercie les forces de l&rsquo;ordre et salue leur courage.<\/p>\n<p>Hier \u00e0 21h09<\/p>\n<p>Bruno Retailleau \u00e9voque deux bless\u00e9s \u00ab\u00a0d\u00e9finitivement sauv\u00e9s\u00a0\u00bb<\/p>\n<p>Arriv\u00e9 \u00e0 Marseille, Bruno Retailleau s&rsquo;exprime sur les faits et dresse un dernier bilan humain.<\/p>\n<p>\u00ab\u00a0Au moment o\u00f9 on se parle, il y a cinq victimes: trois ont \u00e9t\u00e9 bless\u00e9es par un couteau. J&rsquo;esp\u00e8re que nous n&rsquo;aurons \u00e0 d\u00e9plorer aucun d\u00e9c\u00e8s, les nouvelles sont plut\u00f4t rassurantes\u00a0\u00bb, explique le ministre de l&rsquo;Int\u00e9rieur face aux journalistes.<\/p>\n<p>\u00ab\u00a0Deux (bless\u00e9s) sur les trois sont tr\u00e8s certainement d\u00e9finitivement sauv\u00e9s et j&rsquo;esp\u00e8re que le troisi\u00e8me le sera aussi\u00a0\u00bb, ajoute-t-il.<\/p>\n<p>Hier \u00e0 20h03<\/p>\n<p>Bruno Retailleau est arriv\u00e9 \u00e0 Marseille<\/p>\n<p>Le ministre de l&rsquo;Int\u00e9rieur Bruno Retailleau est arriv\u00e9 \u00e0 Marseille, \u00e0 l&rsquo;Ev\u00each\u00e9, l&rsquo;h\u00f4tel de police de Marseille. Il a notamment \u00e9t\u00e9 accueilli par le maire de la ville, Beno\u00eet Payan.<\/p>\n<p>Hier \u00e0 19h28<\/p>\n<p>Le parquet national antiterroriste ne devrait pas \u00eatre saisi<\/p>\n<p>Les premiers \u00e9l\u00e9ments recueillis dans l&rsquo;enqu\u00eate ne sont pas de nature \u00e0 fonder la comp\u00e9tence du parquet national antiterroriste (PNAT), a appris BFMTV de source judiciaire.<\/p>\n<p>Hier \u00e0 19h09<\/p>\n<p>Renaud Muselier d\u00e9plore \u00ab\u00a0un drame terrible\u00a0\u00bb<\/p>\n<p>\u00ab\u00a0Ce qui s&rsquo;est pass\u00e9 \u00e0 Marseille est un drame terrible\u00a0\u00bb, a \u00e9crit le pr\u00e9sident de la r\u00e9gion Sud Provence-Alpes-C\u00f4te d&rsquo;Azur Renaud Muselier sur X.<\/p>\n<blockquote class=\"embed embed_quote\"><p>\u00ab\u00a0Merci \u00e0 notre Police nationale. Les forces de l&rsquo;ordre \u00e9taient l\u00e0 au bon moment et ont fait preuve de sang-froid. Ils ont sauv\u00e9 des vies en mettant hors d\u2019\u00e9tat de nuire un assassin\u00a0\u00bb, a-t-il \u00e9crit.<\/p><\/blockquote>\n<p>Hier \u00e0 19h03<\/p>\n<p>Le suspect \u00e9tait connu des services de renseignement et \u00e9tait sous contr\u00f4le judiciaire<\/p>\n<p>Le suspect \u00e9tait connu des services de renseignement, a appris BFMTV d&rsquo;une source proche de l&rsquo;enqu\u00eate. Il n&rsquo;\u00e9tait pas identifi\u00e9 comme une personne radicalis\u00e9e mais il \u00e9tait connu comme souffrant de troubles psychiatriques.<\/p>\n<p>Il \u00e9tait par ailleurs actuellement sous contr\u00f4le judiciaire dans le cadre d&rsquo;une affaire le concernant.<\/p>\n<p>Hier \u00e0 18h26<\/p>\n<p>Le quartier de Belsunce boucl\u00e9 par les forces de l&rsquo;ordre<\/p>\n<p>Tout le p\u00e9rim\u00e8tre du cours Belsunce, situ\u00e9 \u00e0 deux pas du Vieux-Port, est bloqu\u00e9 par les forces de l&rsquo;ordre. Deux lignes de tramway ont \u00e9t\u00e9 en partie interrompues.<\/p>\n<p>Hier \u00e0 18h24<\/p>\n<p>Profil de l&rsquo;assaillant, \u00ab\u00a0p\u00e9riple criminel\u00a0\u00bb&#8230; Ce que l&rsquo;on sait de l&rsquo;attaque<\/p>\n<p>\u00c0 Marseille, c&rsquo;est tout un quartier qui est boucl\u00e9 par les forces de l&rsquo;ordre. En d\u00e9but d&rsquo;apr\u00e8s-midi ce mardi 2 septembre, un homme a \u00e9t\u00e9 abattu par les forces de l&rsquo;ordre apr\u00e8s avoir attaqu\u00e9 plusieurs personnes avec un couteau, dans le centre-ville de Marseille.<\/p>\n<p>\u00c0 proximit\u00e9 d&rsquo;un commerce situ\u00e9 cours Belsunce, \u00e0 deux pas du Vieux-Port et haut-lieu de trafic de drogue de Marseille, l&rsquo;assaillant a poignard\u00e9 plusieurs personnes dans un h\u00f4tel, puis dans la rue.<\/p>\n<p>&gt;&gt; <a href=\"https:\/\/www.bfmtv.com\/marseille\/profil-de-l-assaillant-periple-criminel-ce-que-l-on-sait-de-l-attaque-au-couteau-dans-un-hotel-a-marseille_AV-202509020727.html\" title=\"Profil de l&#039;assaillant, &quot;p\u00e9riple criminel&quot;... Ce que l&#039;on sait de l&#039;attaque au couteau dans un h\u00f4tel \u00e0 Marseille\" class=\"internal_link\" rel=\"nofollow noopener\" target=\"_blank\">Notre article complet est \u00e0 lire ici<\/a>.<\/p>\n<p>Hier \u00e0 18h21<\/p>\n<p>Des t\u00e9moins relatent la sc\u00e8ne<\/p>\n<p>Un habitant du quartier qui a assist\u00e9 \u00e0 la sc\u00e8ne, a racont\u00e9 aux journalistes de l&rsquo;AFP sur place que la police \u00e9tait arriv\u00e9e \u00ab\u00a0tr\u00e8s vite\u00a0\u00bb. \u00ab\u00a0Ils ont essay\u00e9 de l&rsquo;arr\u00eater devant un fast food et l\u00e0 l&rsquo;homme a essay\u00e9 d&rsquo;attaquer un policier au couteau. Le policier a cri\u00e9 &lsquo;arr\u00eate-toi, arr\u00eate-toi'\u00a0\u00bb, a-t-il ajout\u00e9.<\/p>\n<p>Un autre t\u00e9moin de la sc\u00e8ne a racont\u00e9 avoir vu l&rsquo;homme avec \u00ab\u00a0deux gros couteaux de boucher\u00a0\u00bb.<\/p>\n<p>Hier \u00e0 17h59<\/p>\n<p>Bruno Retailleau attendu \u00e0 Marseille dans la soir\u00e9e<\/p>\n<p>Ar\u00e8s l&rsquo;attaque au couteau, le ministre de l&rsquo;Int\u00e9rieur Bruno Retailleau est attendu sur place \u00e0 20h30 \u00e0 l&rsquo;Ev\u00each\u00e9, l&rsquo;h\u00f4tel de police de Marseille, a appris BFMTV.<\/p>\n<p>Hier \u00e0 17h58<\/p>\n<p>Beno\u00eet Payan d\u00e9nonce \u00ab\u00a0une ignoble agression\u00a0\u00bb<\/p>\n<p>Dans un message post\u00e9 sur X, le maire de Marseille Beno\u00eet Payan, a exprim\u00e9 tout (son) soutien \u00e0 l&rsquo;ensemble des personnes touch\u00e9es par l&rsquo;ignoble agression au couteau survenue \u00e0 Belsunce aujourd&rsquo;hui\u00a0\u00bb.<\/p>\n<p>\u00ab\u00a0Je remercie les policiers nationaux pour leur intervention rapide (&#8230;) La s\u00e9curit\u00e9 des Marseillaises et des Marseillais est ma priorit\u00e9\u00a0\u00bb, ajoute l&rsquo;\u00e9dile, qui pr\u00e9cise avoir \u00e9chang\u00e9 avec le ministre de l&rsquo;Int\u00e9rieur Bruno Retailleau.<\/p>\n<p>Hier \u00e0 17h56<\/p>\n<p>Plusieurs enqu\u00eates ouvertes, dont une de l&rsquo;IGPN<\/p>\n<p>Plusieurs enqu\u00eates ont \u00e9t\u00e9 ouvertes: une pour \u00ab\u00a0tentative d&rsquo;homicide volontaire\u00a0\u00bb et \u00ab\u00a0tentative d&rsquo;homicide volontaire sur fonctionnaires de police\u00a0\u00bb.<\/p>\n<p>Une autre a \u00e9t\u00e9 ouverte, confi\u00e9e \u00e0 l&rsquo;IGPN du chef d'\u00a0\u00bbhomicide volontaire\u00a0\u00bb, apr\u00e8s les tirs policiers.<\/p>\n<p>Hier \u00e0 17h56<\/p>\n<p>Le procureur de Marseille \u00e9voque \u00ab\u00a0un p\u00e9riple criminel\u00a0\u00bb<\/p>\n<p>Lors d&rsquo;une conf\u00e9rence de presse, <a href=\"https:\/\/www.bfmtv.com\/marseille\/attaque-au-couteau-a-marseille-le-procureur-evoque-un-periple-criminel-avec-des-coups-portes-a-l-aveugle_AN-202509020686.html\" title=\"Attaque au couteau \u00e0 Marseille: le procureur \u00e9voque un &quot;p\u00e9riple criminel&quot;, une personne dans &quot;un \u00e9tat critique&quot;\" class=\"internal_link\" rel=\"nofollow noopener\" target=\"_blank\">le procureur de Marseille Nicolas Bessone, a \u00e9voqu\u00e9 un \u00ab\u00a0p\u00e9riple criminel\u00a0\u00bb<\/a>, pendant lequel le suspect a notamment tent\u00e9 de porter des coups \u00e0 des personnes\u00a0\u00bb, \u00ab\u00a0\u00e0 l&rsquo;aveugle, gratuitement\u00a0\u00bb.<\/p>\n<p>Apr\u00e8s avoir poignard\u00e9 trois personnes dans l&rsquo;h\u00f4tel, l&rsquo;homme est entr\u00e9 dans \u00ab\u00a0un snack \u00e0 proximit\u00e9\u00a0\u00bb, o\u00f9 il a essay\u00e9 \u00ab\u00a0de poignarder des clients\u00a0\u00bb.<\/p>\n<p>\u00ab\u00a0Il va poursuivre son p\u00e9riple et se retrouver cours Belsunce, o\u00f9 il tente de porter des coups \u00e0 des personnes pr\u00e9sentes. Il \u00e9tait porteur de deux couteaux et d&rsquo;une matraque\u00a0\u00bb, a pr\u00e9cis\u00e9 le magistrat.<\/p>\n<p>C&rsquo;est \u00e0 cet instant qu&rsquo;une patrouille de police est intervenue, lui demandant de jeter ses armes. \u00ab\u00a0Il n&rsquo;obtemp\u00e8re pas et ils vont faire usage de leurs armes et le neutraliser\u00a0\u00bb, a ajout\u00e9 le procureur.<\/p>\n<p>Hier \u00e0 17h54<\/p>\n<p>Cinq bless\u00e9s dans une attaque au couteau \u00e0 Marseille, l&rsquo;assaillant neutralis\u00e9 par la police<\/p>\n<p><a href=\"https:\/\/www.bfmtv.com\/marseille\/info-bfmtv-un-homme-mortellement-touche-par-des-tirs-de-policiers-apres-avoir-poignarde-plusieurs-personnes-dans-un-hotel-a-marseille_AN-202509020628.html\" title=\"INFO BFMTV. Un homme mortellement touch\u00e9 par des tirs policiers apr\u00e8s avoir poignard\u00e9 plusieurs personnes dans un h\u00f4tel \u00e0 Marseille\" class=\"internal_link\" rel=\"nofollow noopener\" target=\"_blank\">Un homme, arm\u00e9 de deux couteaux et d&rsquo;une matraque, a \u00e9t\u00e9 mortellement touch\u00e9 par les policiers<\/a>, ce mardi apr\u00e8s-midi, cours Belsunce \u00e0 Marseille.<\/p>\n<p>Avant d&rsquo;\u00eatre neutralis\u00e9, l&rsquo;homme avait poignard\u00e9 trois personnes: le g\u00e9rant d&rsquo;un h\u00f4tel dont il venait d&rsquo;\u00eatre expuls\u00e9 pour d\u00e9faut de paiement. Ce dernier est dans un \u00e9tat \u00ab\u00a0critique\u00a0\u00bb.<\/p>\n<p>L&rsquo;homme, de nationnalit\u00e9 tunisienne et en situation r\u00e9guli\u00e8re, a \u00e9galement bless\u00e9 deux autres personnes \u00e0 coups de matraque.<\/p>\n","protected":false},"excerpt":{"rendered":"Hier \u00e0 23h51 La piste terroriste exclue \u00e0 ce stade par les enqu\u00eateurs Ce direct est d\u00e9sormais termin\u00e9,&hellip;\n","protected":false},"author":2,"featured_media":361886,"comment_status":"","ping_status":"","sticky":false,"template":"","format":"standard","meta":{"footnotes":""},"categories":[1586],"tags":[11,1777,674,1779,1011,27,12,25,1778,364],"class_list":{"0":"post-361885","1":"post","2":"type-post","3":"status-publish","4":"format-standard","5":"has-post-thumbnail","7":"category-europe","8":"tag-actualites","9":"tag-eu","10":"tag-europe","11":"tag-european-union","12":"tag-fr","13":"tag-france","14":"tag-news","15":"tag-republique-francaise","16":"tag-ue","17":"tag-union-europeenne"},"share_on_mastodon":{"url":"https:\/\/pubeurope.com\/@fr\/115137215579369537","error":""},"_links":{"self":[{"href":"https:\/\/www.europesays.com\/fr\/wp-json\/wp\/v2\/posts\/361885","targetHints":{"allow":["GET"]}}],"collection":[{"href":"https:\/\/www.europesays.com\/fr\/wp-json\/wp\/v2\/posts"}],"about":[{"href":"https:\/\/www.europesays.com\/fr\/wp-json\/wp\/v2\/types\/post"}],"author":[{"embeddable":true,"href":"https:\/\/www.europesays.com\/fr\/wp-json\/wp\/v2\/users\/2"}],"replies":[{"embeddable":true,"href":"https:\/\/www.europesays.com\/fr\/wp-json\/wp\/v2\/comments?post=361885"}],"version-history":[{"count":0,"href":"https:\/\/www.europesays.com\/fr\/wp-json\/wp\/v2\/posts\/361885\/revisions"}],"wp:featuredmedia":[{"embeddable":true,"href":"https:\/\/www.europesays.com\/fr\/wp-json\/wp\/v2\/media\/361886"}],"wp:attachment":[{"href":"https:\/\/www.europesays.com\/fr\/wp-json\/wp\/v2\/media?parent=361885"}],"wp:term":[{"taxonomy":"category","embeddable":true,"href":"https:\/\/www.europesays.com\/fr\/wp-json\/wp\/v2\/categories?post=361885"},{"taxonomy":"post_tag","embeddable":true,"href":"https:\/\/www.europesays.com\/fr\/wp-json\/wp\/v2\/tags?post=361885"}],"curies":[{"name":"wp","href":"https:\/\/api.w.org\/{rel}","templated":true}]}}