{"id":361891,"date":"2025-09-02T23:09:17","date_gmt":"2025-09-02T23:09:17","guid":{"rendered":"https:\/\/www.europesays.com\/fr\/361891\/"},"modified":"2025-09-02T23:09:17","modified_gmt":"2025-09-02T23:09:17","slug":"france-pologne-83-76-yabusele-montre-la-voie-les-bleus-se-qualifient-pour-les-8es","status":"publish","type":"post","link":"https:\/\/www.europesays.com\/fr\/361891\/","title":{"rendered":"France-Pologne (83-76)\u00a0: Yabusele montre la voie, les Bleus se qualifient pour les 8es"},"content":{"rendered":"<p class=\"paragraph text_align_left lp-f-body-02\">Une mauvaise nouvelle pour commencer la journ\u00e9e et une bonne pour la finir. Ce mardi avait bien mal commencer pour les Bleus de Fr\u00e9d\u00e9ric Fauthoux. Via un communiqu\u00e9, la F\u00e9d\u00e9ration fran\u00e7aise informait du forfait pour le reste de l\u2019<a href=\"https:\/\/www.leparisien.fr\/sports\/basket\/france-belgique-92-64-leuro-commence-par-une-grosse-victoire-pour-les-bleus-du-basket-28-08-2025-242BGEHW6JFVLON7TDMZC2I7RI.php\" target=\"_blank\" rel=\"noreferrer noopener\">EuroBasket<\/a> du pivot <a href=\"https:\/\/www.leparisien.fr\/sports\/basket\/eurobasket-alexandre-sarr-forfait-pour-le-reste-de-la-competition-coup-dur-pour-les-bleus-02-09-2025-NF2SSSPFINFWLBQS6QI3PZBR6E.php\" target=\"_blank\" rel=\"noreferrer noopener\">Alexandre Sarr<\/a>.<\/p>\n<p class=\"paragraph text_align_left lp-f-body-02\">Bless\u00e9 face \u00e0 la <a href=\"https:\/\/www.leparisien.fr\/sports\/basket\/france-slovenie-103-95-pourquoi-le-match-sest-termine-dans-la-confusion-apres-un-panier-conteste-de-francisco-30-08-2025-SOUQWFKB7FGVFNDHDTW4XZ26VY.php\" target=\"_blank\" rel=\"noreferrer noopener\">Slov\u00e9nie (103-95) samedi<\/a>, le pivot de 2,13 m des Washington Wizards en NBA souffre d\u2019une l\u00e9sion au mollet \u00ab dont le d\u00e9lai de cicatrisation est incompatible avec la participation du joueur pour le reste de la comp\u00e9tition \u00bb.<\/p>\n<p class=\"paragraph text_align_left lp-f-body-02\">Un v\u00e9ritable coup de massue pour les Bleus qui n\u2019ont plus que trois joueurs int\u00e9rieurs avec Jaylen Hoard,<a href=\"https:\/\/www.leparisien.fr\/sports\/basket\/guerschon-yabusele\/\" rel=\"noopener\" target=\"_blank\"> Guerschon Yabusele<\/a> et Mam Jaiteh. Ce dernier \u00e9tait le dernier pivot de m\u00e9tier.<\/p>\n<p class=\"paragraph text_align_left lp-f-body-02\">Pas vraiment l\u2019id\u00e9al pour aborder le choc face \u00e0 la Pologne, qui avait parfaitement lanc\u00e9 son Euro \u00e0 la maison avec trois victoires dont une (66-64) face \u00e0 Isra\u00ebl. La victoire de la Slov\u00e9nie face \u00e0 l\u2019Islande (87-79), plus t\u00f4t dans la journ\u00e9e, offrait la qualification pour les 8es de finale \u00e0 la France \u00e0 deux matchs de la fin du tour de poule.<\/p>\n<p class=\"paragraph text_align_left lp-f-body-02\">Si la qualification pour les 8es de finale est un minimum, l\u2019objectif des Bleus \u00e9tait tout autre. Apr\u00e8s <a href=\"https:\/\/www.leparisien.fr\/sports\/basket\/france-israel-69-82-les-bleus-ratent-leur-match-et-se-mettent-en-danger-pour-la-suite-de-leuro-31-08-2025-46STL73FLFAUPEEFOEPHYUOM4E.php\" target=\"_blank\" rel=\"noreferrer noopener\">leur d\u00e9route contre Isra\u00ebl (69-82)<\/a>, ils devaient r\u00e9aliser le plein face \u00e0 Pologne puis contre l\u2019Islande jeudi pour finir le plus haut possible et ainsi \u00e9viter les gros bras comme la Serbie en 8es.<\/p>\n<p class=\"paragraph text_align_left lp-f-body-02\">Un enjeu qui n\u2019a pas \u00e9chapp\u00e9 aux cinq de d\u00e9part bleu avec Mam Jaiteh au poste de pivot. Les Bleus avaient fait leurs calculs : en cas de victoire, une \u00e9galit\u00e9 \u00e0 trois avec Isra\u00ebl se profile. Un succ\u00e8s de plus de 25 points permettait de doubler tout le monde au point-average.<\/p>\n<p>36 points pour Yabusele<\/p>\n<p class=\"paragraph text_align_left lp-f-body-02\">C\u2019est ce qui explique le d\u00e9but de match en fanfare des co\u00e9quipiers de Guerschon Yabusele (27-24 apr\u00e8s le premier quart-temps).<\/p>\n<p class=\"paragraph text_align_left lp-f-body-02\">Malgr\u00e9 une avance de + 9 dans le 2e quart-temps, la troupe de Fr\u00e9d\u00e9ric Fauthoux va d\u00e9railler. Leur jeu se d\u00e9lite et devient plus approximatif. Les Polonais, emmen\u00e9s par le Mon\u00e9gasque Jordan Loyd, n\u2019en demandent pas temps pour virer en t\u00eate (44-41) \u00e0 la fin du deuxi\u00e8me quart-temps.<\/p>\n<p class=\"paragraph text_align_left lp-f-body-02\">Le troisi\u00e8me quart-temps se transforme en v\u00e9ritable bras de fer. Sous les yeux de Robert Lewandowski, Guerschon Yabusele livre un v\u00e9ritable r\u00e9cital, se payant le luxe d\u2019am\u00e9liorer son meilleur score sous le maillot tricolore avec 36 points.<\/p>\n<p class=\"paragraph text_align_left lp-f-body-02\">Les Fran\u00e7ais encha\u00eenent les paniers dans le dernier quart-temps. L\u2019\u00e9cart s\u2019envole (68-55, 32e). Finalement, Elie Okobo avec un dernier panier \u00e0 trois points, offre la victoire aux Tricolores (83-76).<\/p>\n<p class=\"paragraph text_align_left lp-f-body-02\">\u00c0 une journ\u00e9e de la fin, la France, la Pologne et Isra\u00ebl comptent donc sept points (Isra\u00ebl est en t\u00eate au point-average devant la Pologne et la France) et la Slov\u00e9nie pointe juste derri\u00e8re avec un point de moins.<\/p>\n<p class=\"paragraph text_align_left lp-f-body-02\">Les Bleus ont retrouv\u00e9 des couleurs. De quoi voir la suite avec plus de s\u00e9r\u00e9nit\u00e9 et notamment le dernier match de poule contre l\u2019Islande jeudi.<\/p>\n","protected":false},"excerpt":{"rendered":"Une mauvaise nouvelle pour commencer la journ\u00e9e et une bonne pour la finir. Ce mardi avait bien mal&hellip;\n","protected":false},"author":2,"featured_media":361892,"comment_status":"","ping_status":"","sticky":false,"template":"","format":"standard","meta":{"footnotes":""},"categories":[4],"tags":[11,1465,1011,27,12,25,60],"class_list":{"0":"post-361891","1":"post","2":"type-post","3":"status-publish","4":"format-standard","5":"has-post-thumbnail","7":"category-france","8":"tag-actualites","9":"tag-basket","10":"tag-fr","11":"tag-france","12":"tag-news","13":"tag-republique-francaise","14":"tag-sports"},"share_on_mastodon":{"url":"https:\/\/pubeurope.com\/@fr\/115137227281431968","error":""},"_links":{"self":[{"href":"https:\/\/www.europesays.com\/fr\/wp-json\/wp\/v2\/posts\/361891","targetHints":{"allow":["GET"]}}],"collection":[{"href":"https:\/\/www.europesays.com\/fr\/wp-json\/wp\/v2\/posts"}],"about":[{"href":"https:\/\/www.europesays.com\/fr\/wp-json\/wp\/v2\/types\/post"}],"author":[{"embeddable":true,"href":"https:\/\/www.europesays.com\/fr\/wp-json\/wp\/v2\/users\/2"}],"replies":[{"embeddable":true,"href":"https:\/\/www.europesays.com\/fr\/wp-json\/wp\/v2\/comments?post=361891"}],"version-history":[{"count":0,"href":"https:\/\/www.europesays.com\/fr\/wp-json\/wp\/v2\/posts\/361891\/revisions"}],"wp:featuredmedia":[{"embeddable":true,"href":"https:\/\/www.europesays.com\/fr\/wp-json\/wp\/v2\/media\/361892"}],"wp:attachment":[{"href":"https:\/\/www.europesays.com\/fr\/wp-json\/wp\/v2\/media?parent=361891"}],"wp:term":[{"taxonomy":"category","embeddable":true,"href":"https:\/\/www.europesays.com\/fr\/wp-json\/wp\/v2\/categories?post=361891"},{"taxonomy":"post_tag","embeddable":true,"href":"https:\/\/www.europesays.com\/fr\/wp-json\/wp\/v2\/tags?post=361891"}],"curies":[{"name":"wp","href":"https:\/\/api.w.org\/{rel}","templated":true}]}}