{"id":361893,"date":"2025-09-02T23:10:15","date_gmt":"2025-09-02T23:10:15","guid":{"rendered":"https:\/\/www.europesays.com\/fr\/361893\/"},"modified":"2025-09-02T23:10:15","modified_gmt":"2025-09-02T23:10:15","slug":"ryder-cup-lequipe-europeenne-au-complet","status":"publish","type":"post","link":"https:\/\/www.europesays.com\/fr\/361893\/","title":{"rendered":"Ryder Cup : L&rsquo;\u00e9quipe europ\u00e9enne au complet"},"content":{"rendered":"<p>Cinq jours apr\u00e8s que le capitaine am\u00e9ricain <strong>Keegan Bradley<\/strong> a d\u00e9voil\u00e9 le nom des six hommes choisis pour compl\u00e9ter la Team USA (cf. encadr\u00e9 ci-dessous), c&rsquo;\u00e9tait ce lundi au tour de son homologue europ\u00e9en, <strong>Luke Donald<\/strong>, d&rsquo;en faire de m\u00eame. Le Britannique, qui rempile dans le r\u00f4le de skipper du Vieux continent apr\u00e8s le triomphe de Rome il y a deux ans, n&rsquo;a pas cr\u00e9\u00e9 de surprise en s\u00e9lectionnant les six joueurs pressentis pour compl\u00e9ter l&rsquo;\u00e9quipe europ\u00e9enne.<\/p>\n<p>Tous membres de l&rsquo;\u00e9quipe victorieuse en Italie fin septembre 2023, <strong>Shane Lowry<\/strong>, <strong>Jon Rahm<\/strong>, <strong>Sepp Straka<\/strong>, <strong>Viktor Hovland<\/strong>, <strong>Ludvig \u00c5berg<\/strong> et <strong>Matt Fitzpatrick<\/strong> ont donc \u00e9t\u00e9 appel\u00e9s pour \u00e9pauler <strong>Rory McIlroy<\/strong>, <strong>Justin Rose<\/strong>, <strong>Tommy Fleetwood<\/strong>, <strong>Robert MacIntyre<\/strong>, <strong>Tyrrell Hatton<\/strong> et <strong>Rasmus H\u00f8jgaard<\/strong> en vue de la d\u00e9fense du titre, qui serait la premi\u00e8re c\u00f4t\u00e9 europ\u00e9en depuis 2014, et la premi\u00e8re fois aux \u00c9tats-Unis depuis le Miracle de Medinah en 2012.<\/p>\n","protected":false},"excerpt":{"rendered":"Cinq jours apr\u00e8s que le capitaine am\u00e9ricain Keegan Bradley a d\u00e9voil\u00e9 le nom des six hommes choisis pour&hellip;\n","protected":false},"author":2,"featured_media":361894,"comment_status":"","ping_status":"","sticky":false,"template":"","format":"standard","meta":{"footnotes":""},"categories":[1418],"tags":[1011,27,1472,60],"class_list":{"0":"post-361893","1":"post","2":"type-post","3":"status-publish","4":"format-standard","5":"has-post-thumbnail","7":"category-golf","8":"tag-fr","9":"tag-france","10":"tag-golf","11":"tag-sports"},"share_on_mastodon":{"url":"https:\/\/pubeurope.com\/@fr\/115137231100000980","error":""},"_links":{"self":[{"href":"https:\/\/www.europesays.com\/fr\/wp-json\/wp\/v2\/posts\/361893","targetHints":{"allow":["GET"]}}],"collection":[{"href":"https:\/\/www.europesays.com\/fr\/wp-json\/wp\/v2\/posts"}],"about":[{"href":"https:\/\/www.europesays.com\/fr\/wp-json\/wp\/v2\/types\/post"}],"author":[{"embeddable":true,"href":"https:\/\/www.europesays.com\/fr\/wp-json\/wp\/v2\/users\/2"}],"replies":[{"embeddable":true,"href":"https:\/\/www.europesays.com\/fr\/wp-json\/wp\/v2\/comments?post=361893"}],"version-history":[{"count":0,"href":"https:\/\/www.europesays.com\/fr\/wp-json\/wp\/v2\/posts\/361893\/revisions"}],"wp:featuredmedia":[{"embeddable":true,"href":"https:\/\/www.europesays.com\/fr\/wp-json\/wp\/v2\/media\/361894"}],"wp:attachment":[{"href":"https:\/\/www.europesays.com\/fr\/wp-json\/wp\/v2\/media?parent=361893"}],"wp:term":[{"taxonomy":"category","embeddable":true,"href":"https:\/\/www.europesays.com\/fr\/wp-json\/wp\/v2\/categories?post=361893"},{"taxonomy":"post_tag","embeddable":true,"href":"https:\/\/www.europesays.com\/fr\/wp-json\/wp\/v2\/tags?post=361893"}],"curies":[{"name":"wp","href":"https:\/\/api.w.org\/{rel}","templated":true}]}}