{"id":361897,"date":"2025-09-02T23:13:12","date_gmt":"2025-09-02T23:13:12","guid":{"rendered":"https:\/\/www.europesays.com\/fr\/361897\/"},"modified":"2025-09-02T23:13:12","modified_gmt":"2025-09-02T23:13:12","slug":"carlos-alcaraz-en-demonstration-face-a-jiri-lehecka-pour-rejoindre-les-demi-finales","status":"publish","type":"post","link":"https:\/\/www.europesays.com\/fr\/361897\/","title":{"rendered":"Carlos Alcaraz en d\u00e9monstration face \u00e0 Jiri Lehecka pour rejoindre les demi-finales"},"content":{"rendered":"\n<p class=\"c-chapo \">\n  L&rsquo;Espagnol n&rsquo;a fait qu&rsquo;une bouch\u00e9e du Tch\u00e8que, battu en moins de deux heures, 6-4, 6-2, 6-4, mardi.\n<\/p>\n<p>            lire plus tard<\/p>\n<p id=\"dialog__title\" class=\"dialog__title\">Pour sauvegarder cet article, connectez-vous ou cr\u00e9ez un compte franceinfo<\/p>\n<p class=\"dialog__description\">Sans paiement. Sans abonnement.<\/p>\n<p>        Fermer la fen\u00eatre d\u2019activation des notifications France Info<\/p>\n<p>            cr\u00e9er votre compte<\/p>\n<p>            se connecter<\/p>\n<p>        Fermer la fen\u00eatre de pr\u00e9sentation<\/p>\n<p>    <img loading=\"lazy\" decoding=\"async\" class=\"signature__image lazyload\" width=\"100\" height=\"100\" data- alt=\"\" src=\"https:\/\/www.europesays.com\/fr\/wp-content\/uploads\/2025\/05\/6491811e45f62_hortenserond.png\"\/><\/p>\n<p>          France T\u00e9l\u00e9visions &#8211; R\u00e9daction Sport<\/p>\n<p>    Publi\u00e9 le 02\/09\/2025 22:01<\/p>\n<p>        Temps de lecture : 1min<\/p>\n<p>    <img decoding=\"async\"  alt=\"Carlos Alcaraz c\u00e9l\u00e8bre sa victoire en quarts de finale de l'US Open contre Jiri Lehecka, le 2 septembre 2025. (AL BELLO \/ AFP)\" width=\"432\" height=\"243\" src=\"https:\/\/www.europesays.com\/fr\/wp-content\/uploads\/2025\/09\/063-2233416516-68b74c9ac332d791321081.jpg\" fetchpriority=\"high\"\/><\/p>\n<p>      Carlos Alcaraz c\u00e9l\u00e8bre sa victoire en quarts de finale de l&rsquo;US Open contre Jiri Lehecka, le 2 septembre 2025. (AL BELLO \/ AFP)<\/p>\n<p>Nouveau r\u00e9cital pour Carlos Alcaraz. Vainqueur tr\u00e8s tranquille de tous ses matchs depuis le d\u00e9but de <a href=\"https:\/\/www.franceinfo.fr\/sports\/tennis\/us-open\/us-open-2025-naomi-osaka-sort-coco-gauff-iga-swiatek-et-jannik-sinner-se-baladent_7468384.html\" rel=\"nofollow noopener\" target=\"_blank\">l&rsquo;US Open<\/a>, l&rsquo;Espagnol n&rsquo;a pas laiss\u00e9 plus de chance \u00e0 Jiri Lehecka, t\u00eate de s\u00e9rie num\u00e9ro 20, mardi 2 septembre (6-4, 6-2, 6-4). A New York, o\u00f9 il s&rsquo;est impos\u00e9 en 2022, il retrouvera soit le finaliste sortant Taylor Fritz (4e mondial), soit la l\u00e9gende Novak Djokovic.<\/p>\n<p>En janvier \u00e0 Melbourne, le Serbe s&rsquo;\u00e9tait impos\u00e9 en quarts de finale contre son cadet espagnol, mais Carlos Alcaraz est tr\u00e8s en confiance : il n&rsquo;a conc\u00e9d\u00e9 aucun set depuis le d\u00e9but de l&rsquo;US Open et a remport\u00e9 le Masters 1000 de Cincinnati deux semaines avant le dernier tournoi du Grand Chelem de la saison. Contre Jiri Lehecka, sa s\u00e9r\u00e9nit\u00e9 et sa concentration ont encore \u00e9t\u00e9 des cl\u00e9s de sa victoire, comme son premier service (84% de points gagn\u00e9s derri\u00e8re sa premi\u00e8re balle). Il n&rsquo;a ainsi conc\u00e9d\u00e9 aucune balle de break. Et son total de temps pass\u00e9 sur le court en cinq matchs ne s&rsquo;\u00e9l\u00e8ve qu&rsquo;\u00e0 9h41 avant le dernier carr\u00e9.<\/p>\n<p>Dans le tableau f\u00e9minin, l&rsquo;Am\u00e9ricaine Jessica Pegula est la premi\u00e8re qualifi\u00e9e pour les demi-finales, gr\u00e2ce \u00e0 sa victoire sur Barbora Krejcikova : 6-3, 6-3.<\/p>\n","protected":false},"excerpt":{"rendered":"L&rsquo;Espagnol n&rsquo;a fait qu&rsquo;une bouch\u00e9e du Tch\u00e8que, battu en moins de deux heures, 6-4, 6-2, 6-4, mardi. lire&hellip;\n","protected":false},"author":2,"featured_media":361898,"comment_status":"","ping_status":"","sticky":false,"template":"","format":"standard","meta":{"footnotes":""},"categories":[1415],"tags":[1011,27,60,1467],"class_list":{"0":"post-361897","1":"post","2":"type-post","3":"status-publish","4":"format-standard","5":"has-post-thumbnail","7":"category-tennis","8":"tag-fr","9":"tag-france","10":"tag-sports","11":"tag-tennis"},"share_on_mastodon":{"url":"https:\/\/pubeurope.com\/@fr\/115137243088862636","error":""},"_links":{"self":[{"href":"https:\/\/www.europesays.com\/fr\/wp-json\/wp\/v2\/posts\/361897","targetHints":{"allow":["GET"]}}],"collection":[{"href":"https:\/\/www.europesays.com\/fr\/wp-json\/wp\/v2\/posts"}],"about":[{"href":"https:\/\/www.europesays.com\/fr\/wp-json\/wp\/v2\/types\/post"}],"author":[{"embeddable":true,"href":"https:\/\/www.europesays.com\/fr\/wp-json\/wp\/v2\/users\/2"}],"replies":[{"embeddable":true,"href":"https:\/\/www.europesays.com\/fr\/wp-json\/wp\/v2\/comments?post=361897"}],"version-history":[{"count":0,"href":"https:\/\/www.europesays.com\/fr\/wp-json\/wp\/v2\/posts\/361897\/revisions"}],"wp:featuredmedia":[{"embeddable":true,"href":"https:\/\/www.europesays.com\/fr\/wp-json\/wp\/v2\/media\/361898"}],"wp:attachment":[{"href":"https:\/\/www.europesays.com\/fr\/wp-json\/wp\/v2\/media?parent=361897"}],"wp:term":[{"taxonomy":"category","embeddable":true,"href":"https:\/\/www.europesays.com\/fr\/wp-json\/wp\/v2\/categories?post=361897"},{"taxonomy":"post_tag","embeddable":true,"href":"https:\/\/www.europesays.com\/fr\/wp-json\/wp\/v2\/tags?post=361897"}],"curies":[{"name":"wp","href":"https:\/\/api.w.org\/{rel}","templated":true}]}}