{"id":36190,"date":"2025-04-19T09:51:21","date_gmt":"2025-04-19T09:51:21","guid":{"rendered":"https:\/\/www.europesays.com\/fr\/36190\/"},"modified":"2025-04-19T09:51:21","modified_gmt":"2025-04-19T09:51:21","slug":"la-ville-apaisee-se-porte-bien","status":"publish","type":"post","link":"https:\/\/www.europesays.com\/fr\/36190\/","title":{"rendered":"LA VILLE APAIS\u00c9E SE PORTE BIEN"},"content":{"rendered":"<p>Posted On 18 avril 2025 <\/p>\n<p style=\"text-align: justify;\">Il y a ce que vivent les Grenoblois au quotidien, avec encore ces derniers jours une accumulation de tous ces probl\u00e8mes qui minent la ville. Et en parall\u00e8le, il y a ces \u00e9lus Verts\/LFI hors-sol qui poursuivent leur fuite en avant.<\/p>\n<p>VILLENEUVE : NOUVELLE FUSILLADE EN PLEINE JOURN\u00c9E<\/p>\n<p style=\"text-align: justify;\">C&rsquo;est devenu tellement banal que l&rsquo;on ne les rel\u00e8ve presque plus. Avant-hier en fin de matin\u00e9e, une fusillade a fait un bless\u00e9 par balle dans le quartier de la Villeneuve. \u00ab\u00a0Peu avant les faits, un groupe de trois individus a tir\u00e9\u00a0\u00ab\u00a0en l&rsquo;air ou dans la porte\u00a0\u00bb\u00a0d&rsquo;un appartement de la galerie de l&rsquo;Arlequin\u00a0\u00ab\u00a0avec un fusil \u00e0 pompe\u00a0\u00bb <a target=\"_blank\" href=\"https:\/\/france3-regions.francetvinfo.fr\/auvergne-rhone-alpes\/isere\/grenoble\/un-homme-blesse-par-balle-a-grenoble-un-suspect-place-en-garde-a-vue-3139595.html\" rel=\"noopener\">rapporte France 3 Alpes<\/a>. Ils sont ensuite sortis, sont rentr\u00e9s dans un v\u00e9hicule et se sont fait tirer dessus. Intimidations et \u00e9change de tirs comme si de rien n&rsquo;\u00e9tait dans la ville apais\u00e9e.\u00a0<\/p>\n<p><a href=\"https:\/\/i1.wp.com\/grenoble-le-changement.fr\/wp-content\/uploads\/2025\/04\/fusillade-villeneuve.jpg?ssl=1\" rel=\"lightbox[81346] noopener\" target=\"_blank\"><img decoding=\"async\" data-id=\"81350\" src=\"https:\/\/i1.wp.com\/grenoble-le-changement.fr\/wp-content\/uploads\/2025\/04\/fusillade-villeneuve.jpg?w=678&amp;ssl=1\" alt=\"\" class=\"wp-image-81350 jetpack-lazy-image\" data-recalc-dims=\"1\" data-lazy-src=\"https:\/\/www.europesays.com\/fr\/wp-content\/uploads\/2025\/04\/fusillade-villeneuve.jpg\" \/><\/a><\/p>\n<p><a href=\"https:\/\/i0.wp.com\/grenoble-le-changement.fr\/wp-content\/uploads\/2025\/04\/peters-afghan.png?ssl=1\" rel=\"lightbox[81346] noopener\" target=\"_blank\"><img decoding=\"async\" data-id=\"81348\" src=\"https:\/\/i0.wp.com\/grenoble-le-changement.fr\/wp-content\/uploads\/2025\/04\/peters-afghan.png?w=678&amp;ssl=1\" alt=\"\" class=\"wp-image-81348 jetpack-lazy-image\" data-recalc-dims=\"1\" data-lazy-src=\"https:\/\/www.europesays.com\/fr\/wp-content\/uploads\/2025\/04\/peters-afghan.png\" \/><\/a><br \/>\n\u00c0 gauche, apr\u00e8s la fusillade \u00e0 la Villeneuve mercredi matin (source : &lsquo;<a target=\"_blank\" href=\"https:\/\/www.facebook.com\/photo?fbid=122219291714078066&amp;set=pcb.3627065987428574\" rel=\"noopener\">SaccageGrenoble<\/a>\u00ab\u00a0, premiers sur l&rsquo;information). \u00c0 droite, la page de la majorit\u00e9 municipale Verts\/LFI nous explique tr\u00e8s s\u00e9rieusement que \u00ab\u00a0Grenoble se tient aux c\u00f4t\u00e9s des Afghan-es dans leur lutte pour retrouver la paix\u00a0\u00bb : on conseille aux Afghans de ne pas se faire trop d&rsquo;espoir, quand on voit comme ils parviennent \u00e0 la garantir aux Grenoblois. <\/p>\n<p>DES TIRS LI\u00c9S AU TRAFIC ?<\/p>\n<p style=\"font-weight: 400; text-align: justify;\">\u00ab\u00a0Il semble que cette affaire ait d\u00e9but\u00e9 par l\u2019irruption d\u2019au moins deux hommes dans un appartement situ\u00e9 100 galerie de l\u2019Arlequin\u00a0\u00bb, pr\u00e9cise <a target=\"_blank\" href=\"https:\/\/c.ledauphine.com\/faits-divers-justice\/2025\/04\/16\/isere-grenoble-fusillade-a-la-villeneuve-un-blesse-par-balles-et-deux-interpellations-ce-que-l-on-sait-de-l-affaire\" rel=\"noopener\">le Dauphin\u00e9 Lib\u00e9r\u00e9<\/a>. Le quotidien fait ensuite \u00e9tat de tirs \u00e0 l&rsquo;ext\u00e9rieur de cette m\u00eame adresse, laquelle est bien connue pour le trafic de drogue et les dealers qui officient aux alentours. En septembre dernier, le pr\u00e9sident du groupe d&rsquo;opposition Alain Carignon interpellait Eric Piolle en conseil municipal \u00e0 propos de cette adresse.\u00a0<\/p>\n<p>LES DEALERS EXPULSENT L&rsquo;OCCUPANT D&rsquo;UN APPARTEMENT\u00a0<\/p>\n<p style=\"text-align: justify;\">\u00ab\u00a0Une famille \u00e0 la rue a \u00e9t\u00e9 log\u00e9e dans un appartement de \u201cun toit pour tous\u201d. Mais cet appartement pr\u00e9c\u00e9demment squatt\u00e9 servait de nourrice aux dealers. Cet \u00e9t\u00e9, ils ont tent\u00e9 de r\u00e9cup\u00e9rer la possession des lieux et sont all\u00e9s jusqu\u2019\u00e0 courser le p\u00e8re de famille et tenter de le poignarder. Celui-ci doit d\u00e9sormais se cacher hors du quartier, squattant ailleurs par peur pour sa vie s\u2019il revient dans l\u2019appartement qui lui est d\u00e9volu\u00a0\u00bb expliquait-il au conseil municipal.\u00a0<\/p>\n<p><a href=\"https:\/\/i2.wp.com\/grenoble-le-changement.fr\/wp-content\/uploads\/2025\/04\/trafic-de-stupefiants-scaled.jpeg?ssl=1\" rel=\"lightbox[81346] noopener\" target=\"_blank\"><img loading=\"lazy\" decoding=\"async\" class=\" wp-image-81133 jetpack-lazy-image\" src=\"https:\/\/i2.wp.com\/grenoble-le-changement.fr\/wp-content\/uploads\/2025\/04\/trafic-de-stupefiants.jpeg?resize=678%2C366&amp;ssl=1\" alt=\"\" width=\"678\" height=\"366\" data-recalc-dims=\"1\" data-lazy-src=\"https:\/\/www.europesays.com\/fr\/wp-content\/uploads\/2025\/04\/trafic-de-stupefiants.jpeg\" \/><\/a>En vert, l&rsquo;\u00e9volution des mises en cause pour trafic de stup\u00e9fiants \u00e0 Grenoble. +290% depuis 2016&#8230;<br \/>\n\u00ab\u00a0DES MENSONGES\u00a0\u00bb POUR \u00c9RIC PIOLLE<\/p>\n<p style=\"text-align: justify;\">Pas de quoi motiver Eric Piolle \u00e0 engager quoi que ce soit. Il avait comme d&rsquo;habitude r\u00e9pondu avec le m\u00e9pris qui le caract\u00e9rise, qualifiant l&rsquo;alerte d&rsquo;Alain Carignon de \u00ab\u00a0propos tordus\u00a0\u00bb, l&rsquo;accusant de \u00ab\u00a0salir la ville de Grenoble, salir l&rsquo;action municipale\u00a0\u00bb (en l&rsquo;esp\u00e8ce il faudrait plut\u00f4t parler d&rsquo;inaction) et de \u00ab\u00a0propager des mensonges\u00a0\u00bb. La petite musique habituelle <a href=\"https:\/\/grenoble-le-changement.fr\/2025\/04\/09\/insecurite-toutes-les-stats-qui-confirment-que-grenoble-est-n1\/\" target=\"_blank\" rel=\"noopener\">des rois de la politique de l&rsquo;autruche<\/a> : parce qu&rsquo;ils sont incapables de s&rsquo;attaquer aux probl\u00e8mes, il ne veulent pas qu&rsquo;ils soient \u00e9voqu\u00e9s.\u00a0<\/p>\n<p>S\u00c9RIE D&rsquo;INCENDIES COURS DE LA LIB\u00c9RATION&#8230;<\/p>\n<p style=\"text-align: justify;\">Ces derniers jours ont \u00e9galement \u00e9t\u00e9 marqu\u00e9s par une impressionnante s\u00e9rie d&rsquo;incendies de v\u00e9hicules. Jeudi, le Cours de la Lib\u00e9ration a connu une impressionnante s\u00e9rie. <a target=\"_blank\" href=\"https:\/\/c.ledauphine.com\/faits-divers-justice\/2025\/04\/10\/des-voitures-incendiees-sur-le-cours-jean-jaures\" rel=\"noopener\">Le Dauphin\u00e9<\/a> rapporte que \u00ab\u00a0peu avant 14 heures, deux hommes ont \u00e9t\u00e9 vus mettre volontairement le feu \u00e0 une Renault Twingo stationn\u00e9e \u00e0 la hauteur du 196\u00a0\u00bb. Dans la foul\u00e9e, 3 v\u00e9hicules ont \u00e9t\u00e9 incendi\u00e9s au niveau du 72 vers 15h30, puis un autre au 127 rue des Alli\u00e9s vers 16h. Le lendemain,\u00a0un important incendie a encore ravag\u00e9 6 voitures en fin de journ\u00e9e au niveau du 45 Cours de la Lib\u00e9ration.\u00a0<\/p>\n<p>&#8230; ET DANS TOUT GRENOBLE<\/p>\n<p style=\"text-align: justify;\">Une h\u00e9catombe, et ce n&rsquo;est pas fini puisque vendredi toujours, c&rsquo;est du c\u00f4t\u00e9 du Parc Pompidou, rue Kennedy, que 3 v\u00e9hicules \u00e9taient incendi\u00e9s. Quelques jours auparavant, le 8 avril,<a target=\"_blank\" href=\"https:\/\/www.placegrenet.fr\/2025\/04\/08\/dix-sept-voitures-incendiees-en-une-semaine-dans-differents-quartiers-de-grenoble-debut-avril-2025\/650440\" rel=\"noopener\"> le m\u00e9dia en ligne Place Gre&rsquo;net<\/a> relevait d\u00e9j\u00e0 qu&rsquo;en une semaine seulement, pas moins de 17 voitures avaient \u00e9t\u00e9 incendi\u00e9es dans les diff\u00e9rents quartiers de Grenoble. C&rsquo;est une v\u00e9ritable s\u00e9rie noire, qui nuit \u00e9videmment aux propri\u00e9taires des v\u00e9hicules, qui cr\u00e9\u00e9 un climat d&rsquo;ins\u00e9curit\u00e9, mais qui est aussi source d&rsquo;une pollution de l&rsquo;air dont on ne parle jamais.<\/p>\n<p><img decoding=\"async\" data-id=\"81363\" src=\"https:\/\/i1.wp.com\/grenoble-le-changement.fr\/wp-content\/uploads\/2025\/04\/incendie-voiture-cours-libe-2.jpg?w=678&amp;ssl=1\" alt=\"\" class=\"wp-image-81363 jetpack-lazy-image\" data-recalc-dims=\"1\" data-lazy-src=\"https:\/\/www.europesays.com\/fr\/wp-content\/uploads\/2025\/04\/incendie-voiture-cours-libe-2.jpg\" \/><\/p>\n<p><img decoding=\"async\" data-id=\"81364\" src=\"https:\/\/i2.wp.com\/grenoble-le-changement.fr\/wp-content\/uploads\/2025\/04\/incendie-voiture-pompidou.jpg?w=678&amp;ssl=1\" alt=\"\" class=\"wp-image-81364 jetpack-lazy-image\" data-recalc-dims=\"1\" data-lazy-src=\"https:\/\/www.europesays.com\/fr\/wp-content\/uploads\/2025\/04\/incendie-voiture-pompidou.jpg\" \/><\/p>\n<p><img decoding=\"async\" data-id=\"81365\" src=\"https:\/\/i2.wp.com\/grenoble-le-changement.fr\/wp-content\/uploads\/2025\/04\/incendie-voiture-cours-libe.jpg?w=678&amp;ssl=1\" alt=\"\" class=\"wp-image-81365 jetpack-lazy-image\" data-recalc-dims=\"1\" data-lazy-src=\"https:\/\/www.europesays.com\/fr\/wp-content\/uploads\/2025\/04\/incendie-voiture-cours-libe.jpg\" \/><br \/>\nS\u00e9rie d&rsquo;incendie ces derniers jours (Cours de la Lib\u00e9ration, rue Kennedy..).<\/p>\n<p>UN JEUNE POIGNARD\u00c9 DEVANT SON LYC\u00c9E, UNE BALLE \u00c0 30 CM D&rsquo;UN B\u00c9B\u00c9<\/p>\n<p style=\"text-align: justify;\">Le ph\u00e9nom\u00e8ne fait d\u00e9sormais t\u00e2che d&rsquo;huile dans l&rsquo;ensemble de la m\u00e9tropole.. et jusqu&rsquo;aux plus jeunes. Hier \u00e0 Echirolles, en plein milieu de journ\u00e9e, un jeune de 17 ans a \u00e9t\u00e9 poignard\u00e9 devant le lyc\u00e9e Marie-Curie. Il \u00e9tait <a target=\"_blank\" href=\"https:\/\/c.ledauphine.com\/faits-divers-justice\/2025\/04\/17\/un-adolescent-poignarde-devant-le-lycee-marie-curie-a-la-mi-journee\" rel=\"noopener\">selon les informations du DL<\/a> attendu par un groupe d&rsquo;individus \u00e0 la sortie. <a target=\"_blank\" href=\"https:\/\/c.ledauphine.com\/faits-divers-justice\/2025\/03\/28\/une-balle-perdue-atterrit-dans-leur-appartement-elle-est-passee-a-30-cm-de-notre-bebe\" rel=\"noopener\">Fin mars, \u00e0 Saint-Martin d&rsquo;H\u00e8res<\/a>, un couple a re\u00e7u une balle perdue dans son appartement \u00ab\u00a0\u00e0 30 centim\u00e8tres de notre b\u00e9b\u00e9 (&#8230;) Les bouts de verre sont tomb\u00e9s sur le lit\u00a0\u00bb !<\/p>\n<p>LE DRAME N&rsquo;EST JAMAIS LOIN<\/p>\n<p style=\"text-align: justify;\">En novembre dernier, <a href=\"https:\/\/grenoble-le-changement.fr\/2025\/03\/28\/que-va-devenir-le-quartier-berriat-saint-bruno\/\" target=\"_blank\" rel=\"noopener\">c&rsquo;est un couple habitant au 1er \u00e9tage \u00e0 Saint-Bruno<\/a> qui \u00e9tait pass\u00e9 \u00e0 1 m\u00e8tre d&rsquo;une balle venue se loger dans leur double vitrage suite \u00e0 une \u00e9ni\u00e8me fusillade pour le contr\u00f4le du point de deal de la place. Il y a une dizaine de jours, quartier Abbaye-Jouhaux, apr\u00e8s des d\u00e9tonations des impacts de tirs ont \u00e9t\u00e9 retrouv\u00e9es sur les fa\u00e7ades de deux appartements de la rue Jean-Bart. \u00c0 chaque fois des Grenoblois fr\u00f4lent le drame.<\/p>\n<p><a href=\"https:\/\/i1.wp.com\/grenoble-le-changement.fr\/wp-content\/uploads\/2024\/11\/st-bruno.jpg?ssl=1\" rel=\"lightbox[81346] noopener\" target=\"_blank\"><img loading=\"lazy\" decoding=\"async\" class=\" wp-image-78043 jetpack-lazy-image\" src=\"https:\/\/i1.wp.com\/grenoble-le-changement.fr\/wp-content\/uploads\/2024\/11\/st-bruno.jpg?resize=678%2C509&amp;ssl=1\" alt=\"\" width=\"678\" height=\"509\" data-recalc-dims=\"1\" data-lazy-src=\"https:\/\/www.europesays.com\/fr\/wp-content\/uploads\/2025\/04\/st-bruno.jpg\" \/><\/a>Rassemblement contre l&rsquo;ins\u00e9curit\u00e9 place Saint-Bruno en novembre dernier, avec de nombreux parents qui en ont marre que leurs enfants jouent dans des jeux \u00e0 quelques m\u00e8tres de dealers sans limites.<br \/>\nLES \u00c9LECTIONS APPROCHENT : LES VERTS D\u00c9COUVRENT LE MOT \u00ab\u00a0S\u00c9CURIT\u00c9\u00a0\u00bb !<\/p>\n<p style=\"text-align: justify;\">Ce climat a atteint des proportions telles que m\u00eame les militants Verts\/ADES <a href=\"https:\/\/grenoble-le-changement.fr\/2025\/04\/16\/la-municipalite-enterre-piolle-pour-tenter-de-garder-le-pouvoir\/\" target=\"_blank\" rel=\"noopener\">\u00e9voquent d\u00e9sormais tr\u00e8s timidement le mot \u00ab\u00a0s\u00e9curit\u00e9\u00a0\u00bb en vue des \u00e9lections municipales<\/a>. Apr\u00e8s avoir pass\u00e9 des ann\u00e9es \u00e0 nier le sujet, c&rsquo;est un r\u00e9veil plus que tardif et grossier, dict\u00e9 par des consid\u00e9rations \u00e9lectorales. Il ne faut \u00e9videmment rien en attendre : malgr\u00e9 l&rsquo;explosion des faits de violence, les \u00e9lus de la majorit\u00e9 sont toujours incapable d&rsquo;envisager ne serait-ce que l&rsquo;armement de la police municipale.\u00a0<\/p>\n<p>SEUL LE GROUPE D&rsquo;ALAIN PROPOSE UN PLAN GLOBAL<\/p>\n<p style=\"text-align: justify;\">Inutile de compter sur eux demain pour faire ce qu&rsquo;ils n&rsquo;ont pas fait en 12 ans de mandature. En l&rsquo;\u00e9tat, le seul \u00e0 avoir travaill\u00e9 s\u00e9rieusement le sujet est le groupe d&rsquo;Alain Carignon. Il propose un plan global pour faire reculer l&rsquo;ins\u00e9curit\u00e9 : politique de pr\u00e9vention en renfor\u00e7ant l&rsquo;offre socioculturelle, de contr\u00f4le des attributions de logement pour cesser de loger les dealers, de prise en compte de la s\u00e9curit\u00e9 dans les am\u00e9nagements urbains, et de d\u00e9veloppement des outils n\u00e9cessaires (vid\u00e9oprotection, renforcement et armement de la police municipale&#8230;). Bref : de quoi vraiment <a href=\"https:\/\/grenoble-le-changement.fr\/2025\/02\/15\/insecurite-les-grenoblois-abandonnes-par-la-majorite-municipale\/\" target=\"_blank\" rel=\"noopener\">apaiser la ville<\/a>.<\/p>\n","protected":false},"excerpt":{"rendered":"Posted On 18 avril 2025 Il y a ce que vivent les Grenoblois au quotidien, avec encore ces&hellip;\n","protected":false},"author":2,"featured_media":36191,"comment_status":"","ping_status":"","sticky":false,"template":"","format":"standard","meta":{"footnotes":""},"categories":[9566],"tags":[1111,11,9601,2430,9607,1777,674,1011,27,2731,12,25],"class_list":{"0":"post-36190","1":"post","2":"type-post","3":"status-publish","4":"format-standard","5":"has-post-thumbnail","7":"category-grenoble","8":"tag-actu","9":"tag-actualites","10":"tag-alain-carignon","11":"tag-auvergne-rhone-alpes","12":"tag-eric-piolle","13":"tag-eu","14":"tag-europe","15":"tag-fr","16":"tag-france","17":"tag-grenoble","18":"tag-news","19":"tag-republique-francaise"},"share_on_mastodon":{"url":"https:\/\/pubeurope.com\/@fr\/114364015415071733","error":""},"_links":{"self":[{"href":"https:\/\/www.europesays.com\/fr\/wp-json\/wp\/v2\/posts\/36190","targetHints":{"allow":["GET"]}}],"collection":[{"href":"https:\/\/www.europesays.com\/fr\/wp-json\/wp\/v2\/posts"}],"about":[{"href":"https:\/\/www.europesays.com\/fr\/wp-json\/wp\/v2\/types\/post"}],"author":[{"embeddable":true,"href":"https:\/\/www.europesays.com\/fr\/wp-json\/wp\/v2\/users\/2"}],"replies":[{"embeddable":true,"href":"https:\/\/www.europesays.com\/fr\/wp-json\/wp\/v2\/comments?post=36190"}],"version-history":[{"count":0,"href":"https:\/\/www.europesays.com\/fr\/wp-json\/wp\/v2\/posts\/36190\/revisions"}],"wp:featuredmedia":[{"embeddable":true,"href":"https:\/\/www.europesays.com\/fr\/wp-json\/wp\/v2\/media\/36191"}],"wp:attachment":[{"href":"https:\/\/www.europesays.com\/fr\/wp-json\/wp\/v2\/media?parent=36190"}],"wp:term":[{"taxonomy":"category","embeddable":true,"href":"https:\/\/www.europesays.com\/fr\/wp-json\/wp\/v2\/categories?post=36190"},{"taxonomy":"post_tag","embeddable":true,"href":"https:\/\/www.europesays.com\/fr\/wp-json\/wp\/v2\/tags?post=36190"}],"curies":[{"name":"wp","href":"https:\/\/api.w.org\/{rel}","templated":true}]}}