{"id":361901,"date":"2025-09-02T23:16:32","date_gmt":"2025-09-02T23:16:32","guid":{"rendered":"https:\/\/www.europesays.com\/fr\/361901\/"},"modified":"2025-09-02T23:16:32","modified_gmt":"2025-09-02T23:16:32","slug":"alexia-des-pays-bas-cette-princesse-craque-pour-un-ensemble-dune-marque-francaise","status":"publish","type":"post","link":"https:\/\/www.europesays.com\/fr\/361901\/","title":{"rendered":"Alexia des Pays-Bas : cette princesse craque pour un ensemble d\u2019une marque fran\u00e7aise"},"content":{"rendered":"<p>De retour de leurs vacances en Gr\u00e8ce, <strong>le roi Willem-Alexander, la reine Maxima<\/strong> et leurs 3 filles ont assist\u00e9 au <strong>Grand Prix de Formule 1 le dimanche 31 ao\u00fbt dernier.<\/strong> Sur le circuit de Zandvoort, les membres de <strong>la famille royale n\u00e9erlandaise <\/strong>ont pris la pose devant les photographes, mais c\u2019est <strong>la princesse Alexia <\/strong>qui a attir\u00e9 tous les regards et vol\u00e9 la vedette \u00e0 ses parents. <strong>Habill\u00e9e d\u2019une tenue id\u00e9ale pour d\u00e9fier la m\u00e9t\u00e9o capricieuse<\/strong>, la jeune femme de 20 ans a fait le choix d\u2019une <a href=\"https:\/\/www.voici.fr\/mode\/la-fille-d-albert-de-monaco-s-affiche-avec-un-sac-signe-de-la-marque-francaise-qui-obsedent-les-stars-810240\" rel=\"nofollow noopener\" target=\"_blank\">griffe fran\u00e7aise<\/a> pour r\u00e9hausser son look. Donnant une v\u00e9ritable le\u00e7on de style, elle a prouv\u00e9 son go\u00fbt prononc\u00e9 pour <a href=\"https:\/\/www.voici.fr\/mode\/louane-ose-une-piece-ringarde-que-toutes-les-modeuses-s-arrachent-en-tenue-de-soiree-810242\" rel=\"nofollow noopener\" target=\"_blank\">la mode<\/a>.<\/p>\n<p>La princesse Alexia des Pays-Bas craque pour un ensemble Sandro<\/p>\n<p>Marque pris\u00e9e des adeptes du chic et de l\u2019\u00e9l\u00e9gance, <strong>Sandro a fait chavirer le c\u0153ur d\u2019Alexia des Pays-Bas<\/strong>, petite s\u0153ur de l\u2019h\u00e9riti\u00e8re du tr\u00f4ne.<br \/>Chauss\u00e9e d\u2019une <strong>paire de bottes en su\u00e8de marron Gianvito Rossi et d\u2019un sac bandouli\u00e8re griff\u00e9 DeMellier,<\/strong> celle-ci a fait le choix du made in France pour son ensemble tr\u00e8s canon, et <strong>adapt\u00e9 \u00e0 la mi-saison. <\/strong>Pour se prot\u00e9ger des temp\u00e9ratures un peu fra\u00eeches, Alexia des Pays-Bas a mis\u00e9 sur <a href=\"https:\/\/www.voici.fr\/mode\/taille-fine-comment-porter-le-blazer-sablier-pour-vous-mettre-en-valeur-794081\" rel=\"nofollow noopener\" target=\"_blank\"><strong>un blazer<\/strong><\/a><strong> chocolat oversize<\/strong> qui tombe sur les hanches et recouvre son<strong> top fronc\u00e9 de couleur marron.<\/strong> Pour le bas,<strong> elle a opt\u00e9 pour un short en jacquard \u00e0 motifs color\u00e9s assez large<\/strong>, long jusqu\u2019\u00e0 mi-cuisse. Tous 3 sign\u00e9s <strong>Sandro<\/strong>, ces pi\u00e8ces aux tons neutres de la tenue offrent un ensemble habill\u00e9 sans \u00eatre strict, et mettent parfaitement en valeur la silhouette de la jeune femme. Pour donner un peu d\u2019originalit\u00e9 \u00e0 l\u2019ensemble, celle-ci portait \u00e9galement <strong>une paire de lunettes de la marque californienne Akila <\/strong>baptis\u00e9e \u201cZed\u201d \u00e0 la monture en \u00e9caille et aux verres teint\u00e9s vert. preuve que m\u00eame avec des codes vestimentaires royaux, on peut \u00eatre au top des tendances.<\/p>\n<p><img decoding=\"async\"  src=\"https:\/\/www.voici.fr\/imgre\/fit\/~1~voi~2025~09~02~e224eeea-2e22-495b-ada9-3367a94e0318.jpeg\/425x634\/quality\/63\/crop-from\/center\/image.avif\" alt=\"Alexia des Pays-Bas\"  class=\"apply-ratio\" loading=\"lazy\" data-ratio=\"0.67\"\/><\/p>\n<p>\n                            Alexia des Pays-Bas<\/p>\n<p>                            \u00a9 Getty Images Patrick van Katwijk<\/p>\n","protected":false},"excerpt":{"rendered":"De retour de leurs vacances en Gr\u00e8ce, le roi Willem-Alexander, la reine Maxima et leurs 3 filles ont&hellip;\n","protected":false},"author":2,"featured_media":361902,"comment_status":"","ping_status":"","sticky":false,"template":"","format":"standard","meta":{"footnotes":""},"categories":[1412],"tags":[1451,1452,1453,1454,1455,1011,27,60],"class_list":{"0":"post-361901","1":"post","2":"type-post","3":"status-publish","4":"format-standard","5":"has-post-thumbnail","7":"category-f1","8":"tag-f1","9":"tag-formula-1","10":"tag-formula1","11":"tag-formule-1","12":"tag-formule1","13":"tag-fr","14":"tag-france","15":"tag-sports"},"share_on_mastodon":{"url":"https:\/\/pubeurope.com\/@fr\/115137255145095680","error":""},"_links":{"self":[{"href":"https:\/\/www.europesays.com\/fr\/wp-json\/wp\/v2\/posts\/361901","targetHints":{"allow":["GET"]}}],"collection":[{"href":"https:\/\/www.europesays.com\/fr\/wp-json\/wp\/v2\/posts"}],"about":[{"href":"https:\/\/www.europesays.com\/fr\/wp-json\/wp\/v2\/types\/post"}],"author":[{"embeddable":true,"href":"https:\/\/www.europesays.com\/fr\/wp-json\/wp\/v2\/users\/2"}],"replies":[{"embeddable":true,"href":"https:\/\/www.europesays.com\/fr\/wp-json\/wp\/v2\/comments?post=361901"}],"version-history":[{"count":0,"href":"https:\/\/www.europesays.com\/fr\/wp-json\/wp\/v2\/posts\/361901\/revisions"}],"wp:featuredmedia":[{"embeddable":true,"href":"https:\/\/www.europesays.com\/fr\/wp-json\/wp\/v2\/media\/361902"}],"wp:attachment":[{"href":"https:\/\/www.europesays.com\/fr\/wp-json\/wp\/v2\/media?parent=361901"}],"wp:term":[{"taxonomy":"category","embeddable":true,"href":"https:\/\/www.europesays.com\/fr\/wp-json\/wp\/v2\/categories?post=361901"},{"taxonomy":"post_tag","embeddable":true,"href":"https:\/\/www.europesays.com\/fr\/wp-json\/wp\/v2\/tags?post=361901"}],"curies":[{"name":"wp","href":"https:\/\/api.w.org\/{rel}","templated":true}]}}