{"id":361903,"date":"2025-09-02T23:17:14","date_gmt":"2025-09-02T23:17:14","guid":{"rendered":"https:\/\/www.europesays.com\/fr\/361903\/"},"modified":"2025-09-02T23:17:14","modified_gmt":"2025-09-02T23:17:14","slug":"ayuso-tres-remonte-contre-son-equipe","status":"publish","type":"post","link":"https:\/\/www.europesays.com\/fr\/361903\/","title":{"rendered":"Ayuso tr\u00e8s remont\u00e9 contre son \u00e9quipe"},"content":{"rendered":"<p class=\"date\">\n                                                            Guillaume Marion, Media365 : publi\u00e9 le mardi 02 septembre 2025 \u00e0 20h35\n                                                    <\/p>\n<p>Alors qu&rsquo;UAE Team Emirates-XRG a officialis\u00e9 lundi le d\u00e9part de Juan Ayuso \u00e0 la fin de la saison, l&rsquo;Espagnol a pest\u00e9 contre le timing de cette annonce qui intervient en pleine Vuelta.<\/p>\n<p>Entre UAE Team Emirates-XRG et Juan Ayuso, la guerre est d\u00e9clar\u00e9e ou pas loin. En effet, alors que les relations \u00e9taient d\u00e9j\u00e0 tr\u00e8s tendues entre les deux parties depuis un moment, <a href=\"https:\/\/sports.orange.fr\/cyclisme\/article\/uae-emirates-xrg-ayuso-rompt-son-contrat-CNT000002krnC8.html\" rel=\"nofollow noopener\" target=\"_blank\">la formation \u00e9miratie a officialis\u00e9 lundi le d\u00e9part \u00e0 la fin de la saison 2025 du coureur espagnol<\/a>, qui \u00e9tait sous contrat jusqu&rsquo;en 2028. Si ce dernier ne devrait pas avoir de mal \u00e0 rebondir (Lidl-Trek serait l&rsquo;\u00e9quipe favorite pour le r\u00e9cup\u00e9rer), <a href=\"https:\/\/sports.orange.fr\/cyclisme\/tour-d-espagne\/article\/vuelta-e7-la-resurrection-d-ayuso-vainqueur-a-cerler-CNT000002kp6uG.html\" rel=\"nofollow noopener\" target=\"_blank\">le vainqueur de la 7e \u00e9tape de la Vuelta<\/a> a pris la parole ce mardi et n&rsquo;a pas mach\u00e9 ses mots. Visiblement, Ayuso n&rsquo;a pas du tout appr\u00e9ci\u00e9 le timing de cette annonce et l&rsquo;a fait savoir devant la presse espagnole. \u00ab On s&rsquo;\u00e9tait mis d&rsquo;accord avec l&rsquo;\u00e9quipe pour donner cette information au public apr\u00e8s la Vuelta pour que \u00e7a n&rsquo;affecte pas le sportif ni mes co\u00e9quipiers. Donc pourquoi c&rsquo;est sorti hier (lundi) ? \u00bb, a notamment d\u00e9clar\u00e9 le natif de Barcelone.<\/p>\n<p><strong>Ayuso : \u00ab \u00c7a ressemble plus \u00e0 une dictature \u00bb<\/strong><\/p>\n<p>\u00ab \u00c7a me para\u00eet clair pourquoi ils l&rsquo;ont fait pour nuire \u00e0 mon image. (&#8230;) Pendant la demi-heure que j&rsquo;ai eue (avant la publication du communiqu\u00e9), je leur ai dit que je n&rsquo;\u00e9tais pas d&rsquo;accord avec le communiqu\u00e9 qu&rsquo;ils avaient \u00e9crit, et ils m&rsquo;ont r\u00e9pondu que le premier communiqu\u00e9 qu&rsquo;ils avaient pr\u00e9par\u00e9 \u00e9tait bien pire et que je devais \u00eatre content avec \u00e7a. (&#8230;) On a pu discuter et Almeida s&rsquo;est excus\u00e9 (le Portugais s&rsquo;\u00e9tait plaint d&rsquo;un manque d&rsquo;aide apr\u00e8s la 9e \u00e9tape). (&#8230;) Je voulais bien terminer avec l&rsquo;\u00e9quipe, c&rsquo;\u00e9tait un peu le sujet des n\u00e9gociations avant la Vuelta, je voulais une belle sortie, a par la suite expliqu\u00e9 Ayuso, dans des propos repris notamment par Marca. Mais parfois, apparemment, \u00e7a n&rsquo;est pas possible, quand \u00e7a ressemble plus \u00e0 une dictature, \u00e0 des d\u00e9cisions unilat\u00e9rales. \u00bb Pour revenir au sportif, le coureur espagnol, qui r\u00eavait d&rsquo;\u00eatre au moins sur le podium de ce Grand Tour, pointe au 56e rang au classement g\u00e9n\u00e9ral \u00e0 plus de 45 minutes du leader Jonas Vingegaard.<\/p>\n","protected":false},"excerpt":{"rendered":"Guillaume Marion, Media365 : publi\u00e9 le mardi 02 septembre 2025 \u00e0 20h35 Alors qu&rsquo;UAE Team Emirates-XRG a officialis\u00e9&hellip;\n","protected":false},"author":2,"featured_media":361904,"comment_status":"","ping_status":"","sticky":false,"template":"","format":"standard","meta":{"footnotes":""},"categories":[1411],"tags":[1154,207,1011,27,60],"class_list":{"0":"post-361903","1":"post","2":"type-post","3":"status-publish","4":"format-standard","5":"has-post-thumbnail","7":"category-cyclisme","8":"tag-cycling","9":"tag-cyclisme","10":"tag-fr","11":"tag-france","12":"tag-sports"},"share_on_mastodon":{"url":"https:\/\/pubeurope.com\/@fr\/115137258674514370","error":""},"_links":{"self":[{"href":"https:\/\/www.europesays.com\/fr\/wp-json\/wp\/v2\/posts\/361903","targetHints":{"allow":["GET"]}}],"collection":[{"href":"https:\/\/www.europesays.com\/fr\/wp-json\/wp\/v2\/posts"}],"about":[{"href":"https:\/\/www.europesays.com\/fr\/wp-json\/wp\/v2\/types\/post"}],"author":[{"embeddable":true,"href":"https:\/\/www.europesays.com\/fr\/wp-json\/wp\/v2\/users\/2"}],"replies":[{"embeddable":true,"href":"https:\/\/www.europesays.com\/fr\/wp-json\/wp\/v2\/comments?post=361903"}],"version-history":[{"count":0,"href":"https:\/\/www.europesays.com\/fr\/wp-json\/wp\/v2\/posts\/361903\/revisions"}],"wp:featuredmedia":[{"embeddable":true,"href":"https:\/\/www.europesays.com\/fr\/wp-json\/wp\/v2\/media\/361904"}],"wp:attachment":[{"href":"https:\/\/www.europesays.com\/fr\/wp-json\/wp\/v2\/media?parent=361903"}],"wp:term":[{"taxonomy":"category","embeddable":true,"href":"https:\/\/www.europesays.com\/fr\/wp-json\/wp\/v2\/categories?post=361903"},{"taxonomy":"post_tag","embeddable":true,"href":"https:\/\/www.europesays.com\/fr\/wp-json\/wp\/v2\/tags?post=361903"}],"curies":[{"name":"wp","href":"https:\/\/api.w.org\/{rel}","templated":true}]}}