{"id":361905,"date":"2025-09-02T23:18:11","date_gmt":"2025-09-02T23:18:11","guid":{"rendered":"https:\/\/www.europesays.com\/fr\/361905\/"},"modified":"2025-09-02T23:18:11","modified_gmt":"2025-09-02T23:18:11","slug":"les-premiers-mots-de-kolo-muani-a-tottenham","status":"publish","type":"post","link":"https:\/\/www.europesays.com\/fr\/361905\/","title":{"rendered":"Les premiers mots de Kolo Muani \u00e0 Tottenham"},"content":{"rendered":"<p><strong>Randal Kolo Muani, attaquant de 26 ans de l\u2019Equipe de France sous contrat au Paris Saint-Germain jusqu\u2019en 2028, a \u00e9t\u00e9 pr\u00eat\u00e9 lors du dernier jour du mercato \u00e0 Tottenham pour la saison 2025-2026 sans option d\u2019achat. Il s\u2019est exprim\u00e9 au micro des\u00a0Spurs\u00a0suite \u00e0 sa signature.<\/strong><\/p>\n<p>Kolo Muani \u00ab\u00a0\u00e0 moi de d\u00e9montrer toutes mes qualit\u00e9s sur le terrain.\u00a0\u00bb<\/p>\n<p><strong>Quel sentiment en signant \u00e0 Tottenham ?<\/strong><\/p>\n<p>Je suis tr\u00e8s, tr\u00e8s content de jouer \u00e0 Tottenham, tr\u00e8s satisfait, tr\u00e8s fier. J\u2019ai tr\u00e8s h\u00e2te de rencontrer mes co\u00e9quipiers et tous les supporters pour commencer \u00e0 jouer.<\/p>\n<p><strong>Votre personnalit\u00e9 ?<\/strong><\/p>\n<p>Je suis un joueur qui me bats \u00e9norm\u00e9ment pour le maillot, je me bats pour les fans, pour le club, pour le maillot. J\u2019esp\u00e8re apporter \u00e9norm\u00e9ment de buts et des points dans mon nouveau club.<\/p>\n<p><strong>Le coach Thomas Frank ?<\/strong><\/p>\n<p>Je le connais d\u00e9j\u00e0 tr\u00e8s bien, on avait d\u00e9j\u00e0 discut\u00e9 auparavant. On a discut\u00e9 du projet et cela m\u2019a vraiment attir\u00e9. Maintenant, c\u2019est \u00e0 moi de d\u00e9montrer toutes mes qualit\u00e9s sur le terrain.<\/p>\n<p>Kolo Muani \u00ab\u00a0J\u2019ai beaucoup regard\u00e9 ce championnat \u00e0 la t\u00e9l\u00e9.\u00a0\u00bb<\/p>\n<p><strong>Votre parcours ?<\/strong><\/p>\n<p>J\u2019ai commenc\u00e9 en r\u00e9gion parisienne, j\u2019y ai fait toutes mes classes et ensuite, je suis all\u00e9 au FC Nantes. J\u2019ai \u00e9t\u00e9 pr\u00eat\u00e9 \u00e0 Boulogne-sur-Mer, puis je suis revenu \u00e0 Nantes. Apr\u00e8s, j\u2019ai fait un an \u00e0 l\u2019Eintracht Francfort. J\u2019ai sign\u00e9 au Paris Saint-Germain, j\u2019y suis rest\u00e9 3 ann\u00e9es, sauf la derni\u00e8re je suis parti en pr\u00eat \u00e0 la Juventus de Turin.<\/p>\n<p><strong>Tottenham affront\u00e9 avec Francfort en 2022 ?<\/strong><\/p>\n<p>C\u2019est un tr\u00e8s beau souvenir, avec les supporters qui poussent \u00e9norm\u00e9ment. Je n\u2019ai que des bons souvenirs et j\u2019ai h\u00e2te de jouer, de les rencontrer.<\/p>\n<p><strong>Comment aborder cette aventure ?<\/strong><\/p>\n<p>J\u2019ai h\u00e2te de commencer. J\u2019ai beaucoup regard\u00e9 ce championnat \u00e0 la t\u00e9l\u00e9. Maintenant, j\u2019y suis et j\u2019ai h\u00e2te de fouler les pelouses pour commencer \u00e0 jouer et montrer de quoi je suis capable pour mon nouveau club.<\/p>\n<p>\t\t\t\t\t\t\t\t\t\t\t\t\t\t\t\t\t\t\t\t\t\t\t<img loading=\"lazy\" src=\"https:\/\/www.europesays.com\/fr\/wp-content\/uploads\/2025\/04\/ParisFans_Logo.png\" decoding=\"async\" class=\"lazyload\" width=\"240\" height=\"54\" data-eio-rwidth=\"240\" data-eio-rheight=\"54\"\/><\/p>\n","protected":false},"excerpt":{"rendered":"Randal Kolo Muani, attaquant de 26 ans de l\u2019Equipe de France sous contrat au Paris Saint-Germain jusqu\u2019en 2028,&hellip;\n","protected":false},"author":2,"featured_media":361906,"comment_status":"","ping_status":"","sticky":false,"template":"","format":"standard","meta":{"footnotes":""},"categories":[1410],"tags":[63,1011,27,7157,60],"class_list":{"0":"post-361905","1":"post","2":"type-post","3":"status-publish","4":"format-standard","5":"has-post-thumbnail","7":"category-football","8":"tag-football","9":"tag-fr","10":"tag-france","11":"tag-randal-kolo-muani","12":"tag-sports"},"share_on_mastodon":{"url":"https:\/\/pubeurope.com\/@fr\/115137262751602861","error":""},"_links":{"self":[{"href":"https:\/\/www.europesays.com\/fr\/wp-json\/wp\/v2\/posts\/361905","targetHints":{"allow":["GET"]}}],"collection":[{"href":"https:\/\/www.europesays.com\/fr\/wp-json\/wp\/v2\/posts"}],"about":[{"href":"https:\/\/www.europesays.com\/fr\/wp-json\/wp\/v2\/types\/post"}],"author":[{"embeddable":true,"href":"https:\/\/www.europesays.com\/fr\/wp-json\/wp\/v2\/users\/2"}],"replies":[{"embeddable":true,"href":"https:\/\/www.europesays.com\/fr\/wp-json\/wp\/v2\/comments?post=361905"}],"version-history":[{"count":0,"href":"https:\/\/www.europesays.com\/fr\/wp-json\/wp\/v2\/posts\/361905\/revisions"}],"wp:featuredmedia":[{"embeddable":true,"href":"https:\/\/www.europesays.com\/fr\/wp-json\/wp\/v2\/media\/361906"}],"wp:attachment":[{"href":"https:\/\/www.europesays.com\/fr\/wp-json\/wp\/v2\/media?parent=361905"}],"wp:term":[{"taxonomy":"category","embeddable":true,"href":"https:\/\/www.europesays.com\/fr\/wp-json\/wp\/v2\/categories?post=361905"},{"taxonomy":"post_tag","embeddable":true,"href":"https:\/\/www.europesays.com\/fr\/wp-json\/wp\/v2\/tags?post=361905"}],"curies":[{"name":"wp","href":"https:\/\/api.w.org\/{rel}","templated":true}]}}