{"id":361907,"date":"2025-09-02T23:19:11","date_gmt":"2025-09-02T23:19:11","guid":{"rendered":"https:\/\/www.europesays.com\/fr\/361907\/"},"modified":"2025-09-02T23:19:11","modified_gmt":"2025-09-02T23:19:11","slug":"exclu-lola-marois-plus-belle-la-vie-6-mois-de-lannee-a-lhotel-et-eloignee-de-ses-jumeaux-depuis-maintenant-presque-8-ans-elle-raconte","status":"publish","type":"post","link":"https:\/\/www.europesays.com\/fr\/361907\/","title":{"rendered":"EXCLU Lola Marois (Plus belle la vie) \u00ab\u00a06 mois de l&rsquo;ann\u00e9e \u00e0 l&rsquo;h\u00f4tel\u00a0\u00bb et \u00e9loign\u00e9e de ses jumeaux depuis maintenant presque 8 ans, elle raconte"},"content":{"rendered":"<p>            <img loading=\"lazy\" decoding=\"async\" src=\"https:\/\/www.europesays.com\/fr\/wp-content\/uploads\/2025\/09\/31-60dc2a3faf6f5-35x35-1.jpg\" class=\"author-article-picture\" width=\"35\" height=\"35\"\/><\/p>\n<p>                Par<br \/>\n                                    <a class=\"author-article-bio-link\" href=\"https:\/\/www.purepeople.com\/auteur\/emma-vanpoulle_a31\" rel=\"nofollow noopener\" target=\"_blank\">Emma Vanpoulle<\/a><br \/>\n                                                    | R\u00e9dactrice<\/p>\n<p>\n                Particuli\u00e8rement nulle en math\u00e9matiques \u00e0 l&rsquo;\u00e9cole, mon parcours professionnel m&rsquo;a naturellement conduit vers la voie de l&rsquo;\u00e9criture. Un BAC L en poche, j&rsquo;ai d\u00e9cid\u00e9 de mettre mes comp\u00e9tences au service du journalisme et je me suis rapidement dirig\u00e9e vers le people. Et plus particuli\u00e8rement vers les personnalit\u00e9s t\u00e9l\u00e9. Avec moi, d\u00e9couvrez tous les secrets du petit \u00e9cran !\n            <\/p>\n<p>\n    Depuis 2017, Lola Marois incarne un personnage r\u00e9current dans \u00ab\u00a0Plus belle la vie\u00a0\u00bb. Et pour le bien du tournage, la com\u00e9dienne est forc\u00e9e de migrer \u00e0 Marseille une bonne partie de son temps, ce qui l&rsquo;\u00e9loigne alors de ses enfants, les jumeaux Bella et Jules. En interview pour \u00ab\u00a0Purepeople\u00a0\u00bb, la femme de Jean-Marie Bigard se confie sur son mode de vie qui sort de la norme.\n<\/p>\n<p>                            <img loading=\"lazy\" decoding=\"async\" class=\"player-thumbnail\" src=\"https:\/\/www.europesays.com\/fr\/wp-content\/uploads\/2025\/09\/f1a70ae50742a7e1-580x326-1.jpg\" width=\"580\" height=\"326\"\/><\/p>\n<p>                    EXCLU Lola Marois (Plus belle la vie) \u00ab\u00a06 mois de l&rsquo;ann\u00e9e \u00e0 l&rsquo;h\u00f4tel\u00a0\u00bb et \u00e9loign\u00e9e de ses jumeaux depuis maintenant presque 8 ans, elle raconte<\/p>\n<p>La suite apr\u00e8s la publicit\u00e9<\/p>\n<p>Malgr\u00e9 les 28 ann\u00e9es qui les s\u00e9parent, <a href=\"https:\/\/www.purepeople.com\/people\/lola-marois_p547287\" rel=\"nofollow noopener\" target=\"_blank\">Lola Marois<\/a> et <a href=\"https:\/\/www.purepeople.com\/people\/jean-marie-bigard_p1268\" rel=\"nofollow noopener\" target=\"_blank\">Jean-Marie Bigard<\/a> forment un couple uni depuis d\u00e9j\u00e0 dix-sept ans maintenant. L&rsquo;humoriste et la com\u00e9dienne ont m\u00eame d\u00e9cid\u00e9 de se marier en 2011, apr\u00e8s quoi, ils ont accueilli <strong>leurs jumeaux, Jules et Bella,<\/strong> au mois de novembre 2012. Un v\u00e9ritable bonheur pour Lola Marois qui est toutefois contrainte de s&rsquo;\u00e9loigner de sa vie de famille tr\u00e8s r\u00e9guli\u00e8rement, en raison de ses engagements pour Plus belle la vie.<\/p>\n<p>Car depuis 2017, <a href=\"https:\/\/www.purepeople.com\/article\/exclu-jai-des-projets-donc-cest-vrai-que-lola-marois-se-confie-sur-son-avenir-dans-plus-belle-la-vie-encore-plus-belle_a542005\/1\" rel=\"nofollow noopener\" target=\"_blank\">elle incarne<strong> la polici\u00e8re Ariane<\/strong><\/a> dans la fiction au d\u00e9part diffus\u00e9e sur France 3 et qui a bascul\u00e9 sur TF1 en janvier 2024. Probl\u00e8me, les tournages ont lieu \u00e0 Marseille tandis que <strong>Lola Marois et les siens sont install\u00e9s \u00e0 Paris, dans le 6e arrondissement.<\/strong> L&rsquo;actrice de 42 ans se soumet donc \u00e0 de tr\u00e8s nombreux allers-retours entre le Sud et la capitale tout au long de l&rsquo;ann\u00e9e, et se r\u00e9sout ainsi \u00e0 s&rsquo;\u00e9loigner de ses enfants une bonne partie de la semaine en moyenne.<\/p>\n<p>Marseille pour le travaille, oui, mais pour y vivre, non<\/p>\n<p>\u00ab\u00a0C&rsquo;est la chose la plus compliqu\u00e9e de ma vie\u00a0\u00bb, a-t-elle reconnu lors d&rsquo;une interview pour Purepeople. Et d&rsquo;ajouter : \u00ab\u00a0<strong>Je suis quand m\u00eame 6 mois de l&rsquo;ann\u00e9e \u00e0 l&rsquo;h\u00f4tel. Je quitte mes enfants depuis maintenant presque 8 ans. C&rsquo;est un peu le prix \u00e0 payer.<\/strong> Le tournage se passe \u00e0 Marseille et je n&rsquo;ai pas envie de m&rsquo;installer l\u00e0-bas. Mes enfants sont scolaris\u00e9s \u00e0 Paris avec des amis qu\u2019ils ont depuis la maternelle. Mais c&rsquo;est l&rsquo;aspect un peu p\u00e9nible, de ne pas rentrer chez soi le soir. C&rsquo;est vrai que c&rsquo;est la petite ombre au tableau. <strong>Mais tous les week-ends, je rentre quoi qu&rsquo;il arrive<\/strong>.\u00a0\u00bb<\/p>\n<p>Qu&rsquo;\u00e0 cela ne tienne, les jeunes Jules et Bella qui ont bient\u00f4t 13 ans sont habitu\u00e9s \u00e0 ce mode de vie et profitent de leur m\u00e8re d\u00e8s qu&rsquo;ils le peuvent comme lors des vacances scolaires. Sur Instagram, Lola Marois avait d&rsquo;ailleurs fait le r\u00e9cap de leur cong\u00e9 estival au soleil, au bord d&rsquo;une piscine, entour\u00e9e d&rsquo;amis et de son clan. Des moments m\u00e9morables !<\/p>\n<p><strong>Contenu exclusif ne pouvant \u00eatre repris sans la mention <\/strong><strong>Purepeople<\/strong><strong>.<\/strong><\/p>\n","protected":false},"excerpt":{"rendered":"Par Emma Vanpoulle | R\u00e9dactrice Particuli\u00e8rement nulle en math\u00e9matiques \u00e0 l&rsquo;\u00e9cole, mon parcours professionnel m&rsquo;a naturellement conduit vers&hellip;\n","protected":false},"author":2,"featured_media":361908,"comment_status":"","ping_status":"","sticky":false,"template":"","format":"standard","meta":{"footnotes":""},"categories":[1359],"tags":[58,59,1011,27,973],"class_list":{"0":"post-361907","1":"post","2":"type-post","3":"status-publish","4":"format-standard","5":"has-post-thumbnail","7":"category-people","8":"tag-divertissement","9":"tag-entertainment","10":"tag-fr","11":"tag-france","12":"tag-people"},"share_on_mastodon":{"url":"https:\/\/pubeurope.com\/@fr\/115137266779234328","error":""},"_links":{"self":[{"href":"https:\/\/www.europesays.com\/fr\/wp-json\/wp\/v2\/posts\/361907","targetHints":{"allow":["GET"]}}],"collection":[{"href":"https:\/\/www.europesays.com\/fr\/wp-json\/wp\/v2\/posts"}],"about":[{"href":"https:\/\/www.europesays.com\/fr\/wp-json\/wp\/v2\/types\/post"}],"author":[{"embeddable":true,"href":"https:\/\/www.europesays.com\/fr\/wp-json\/wp\/v2\/users\/2"}],"replies":[{"embeddable":true,"href":"https:\/\/www.europesays.com\/fr\/wp-json\/wp\/v2\/comments?post=361907"}],"version-history":[{"count":0,"href":"https:\/\/www.europesays.com\/fr\/wp-json\/wp\/v2\/posts\/361907\/revisions"}],"wp:featuredmedia":[{"embeddable":true,"href":"https:\/\/www.europesays.com\/fr\/wp-json\/wp\/v2\/media\/361908"}],"wp:attachment":[{"href":"https:\/\/www.europesays.com\/fr\/wp-json\/wp\/v2\/media?parent=361907"}],"wp:term":[{"taxonomy":"category","embeddable":true,"href":"https:\/\/www.europesays.com\/fr\/wp-json\/wp\/v2\/categories?post=361907"},{"taxonomy":"post_tag","embeddable":true,"href":"https:\/\/www.europesays.com\/fr\/wp-json\/wp\/v2\/tags?post=361907"}],"curies":[{"name":"wp","href":"https:\/\/api.w.org\/{rel}","templated":true}]}}