{"id":361909,"date":"2025-09-02T23:20:11","date_gmt":"2025-09-02T23:20:11","guid":{"rendered":"https:\/\/www.europesays.com\/fr\/361909\/"},"modified":"2025-09-02T23:20:11","modified_gmt":"2025-09-02T23:20:11","slug":"a-bruxelles-cette-villa-est-une-explosion-de-couleurs","status":"publish","type":"post","link":"https:\/\/www.europesays.com\/fr\/361909\/","title":{"rendered":"\u00c0 Bruxelles, cette villa est une explosion de couleurs"},"content":{"rendered":"<p><strong>\u00c0 Bruxelles, le dernier projet de l\u2019architecte Victoria-Maria Geyer est une explosion de couleurs.<\/strong><\/p>\n<p>Dans un monde o\u00f9 beaucoup de choses semblent monotones, Victoria-Maria Geyer ose sans crainte les <a href=\"https:\/\/www.admagazine.fr\/article\/couleurs-foncees-peindre-mur\" target=\"_blank\" rel=\"noopener\">couleurs<\/a> et les motifs. Cette architecte d\u2019int\u00e9rieur allemande, qui vit depuis longtemps \u00e0 Bruxelles, parvient \u00e0 cr\u00e9er de grands univers color\u00e9s, m\u00eame dans de petits espaces. Elle semble offrir un contrepoint \u00e0 la Belgique puriste et contemplative que des designers tels qu\u2019Axel Vervoordt ou Vincent Van Duysen incarnent avec succ\u00e8s depuis des ann\u00e9es.<\/p>\n<p>La table \u00e0 manger est une cr\u00e9ation originale de Victoria Maria Geyer. Elle est entour\u00e9e de chaises vintage italiennes d\u00e9nich\u00e9es \u00e0 la galerie Watteeu \u00e0 Bruxelles. Le papier peint en soie rouge Pomp\u00e9i est sign\u00e9 Pierre Frey.<\/p>\n<p>Une villa \u00e0 Bruxelles \u00e0 l\u2019\u00e2me champ\u00eatre<\/p>\n<p>L\u2019<a href=\"https:\/\/www.admagazine.fr\/article\/architectes-francais-plus-connus\" target=\"_blank\" rel=\"noopener\">architecte<\/a> n\u2019a pas \u00e9t\u00e9 particuli\u00e8rement confront\u00e9e \u00e0 des contraintes dans ce projet. En tout cas, pas en ce qui concerne la surface habitable \u00e0 am\u00e9nager. Cette ancienne villa datant de 1932, qui devait devenir le nouveau domicile d\u2019une famille de six personnes, offrait plus de 550 m\u00e8tres carr\u00e9s. Le briefing ? Non conventionnel, mais pas ax\u00e9 sur les tendances. La propri\u00e9t\u00e9 avait visiblement pris de l\u2019\u00e2ge et le <a href=\"https:\/\/www.admagazine.fr\/article\/quest-ce-que-le-jardin-punk-et-pourquoi-vous-devez-ladopter\" target=\"_blank\" rel=\"noopener\">jardin<\/a> luxuriant \u00e9tait envahi par la v\u00e9g\u00e9tation lorsque Victoria-Maria Geyer s\u2019est fait une id\u00e9e de la situation initiale. Mais la construction \u00e0 colombages a laiss\u00e9 une impression durable \u00e0 cette autodidacte qui a autrefois \u00e9tudi\u00e9 le journalisme : \u00ab Les lignes g\u00e9om\u00e9triques, les charmantes lucarnes et les avant-toits profond\u00e9ment en saillie ont attir\u00e9 mon attention, il y a m\u00eame une tour. \u00bb La maison ressemblait \u00e0 un petit manoir \u00e0 l\u2019\u00e2me rurale, se souvient-elle. \u00ab Elle aurait tout aussi bien pu se trouver en <a href=\"https:\/\/www.admagazine.fr\/article\/normandie-maison-maitre-piscine\" target=\"_blank\" rel=\"noopener\">Normandie<\/a>. \u00bb<\/p>\n<p>Une palette de couleurs pleine de fantaisie<\/p>\n<p>Une r\u00e9novation compl\u00e8te s\u2019imposait. Les sols ont \u00e9t\u00e9 refaits, mais la disposition des pi\u00e8ces a \u00e9t\u00e9 conserv\u00e9e. Il en va de m\u00eame pour les plafonds \u00e0 caissons historiques, que Victoria-Maria Geyer a peints avec nonchalance dans des couleurs vives : rouge dans la salle \u00e0 manger, rose dans le couloir et jaune dans le salon. \u00ab J\u2019adore le jaune et, heureusement, les clients aussi \u00bb, raconte-t-elle. \u00ab Cela m\u2019a sembl\u00e9 naturel d\u00e8s le d\u00e9but. L\u2019id\u00e9e est rapidement venue de peindre les poutres dans une teinte <a href=\"https:\/\/www.admagazine.fr\/article\/comment-adopter-jaune-beurre-cuisine\" target=\"_blank\" rel=\"noopener\">jaune<\/a> plus profonde afin de donner de la profondeur et du rythme \u00e0 la pi\u00e8ce. \u00bb Le choix des couleurs est aussi personnel que le mobilier, qui se compose d\u2019une multitude de cr\u00e9ations originales : les meubles en ch\u00eane du dressing ou le coin petit-d\u00e9jeuner avec des carreaux Zellige roses du Maroc sont issus de l\u2019imagination de l\u2019architecte. Elle a \u00e9t\u00e9 surprise par le plan de travail massif en pierre de lave de la cuisine, dont la surface \u00e9tait moins r\u00e9guli\u00e8re que pr\u00e9vu. \u00ab C\u2019est ce qui fait la particularit\u00e9 du travail artisanal : il donne aux <a href=\"https:\/\/www.admagazine.fr\/article\/ikea-vintage-meubles-valeur-v2\" target=\"_blank\" rel=\"noopener\">meubles<\/a> une \u00e2me et une sorte d\u2019authenticit\u00e9 que la perfection ne peut offrir. \u00bb<\/p>\n<p>La passion prononc\u00e9e de Victoria-Maria Geyer pour les couleurs, les motifs et les textiles est \u00e9galement aliment\u00e9e par ses voyages, qui l\u2019ont r\u00e9cemment conduite au Rajasthan et en Andalousie (elle a r\u00e9cemment con\u00e7u un petit h\u00f4tel-boutique non loin de Marbella). Elle entretient d\u2019ailleurs un partenariat de longue date avec le fabricant de tissus Pierre Frey et a utilis\u00e9 un papier peint illustr\u00e9 de sa collection \u00ab \u00c9ternel \u00e9t\u00e9 \u00bb dans la <a href=\"https:\/\/www.admagazine.fr\/article\/shopping-guide-chambre-tendance\" target=\"_blank\" rel=\"noopener\">chambre<\/a>.<\/p>\n","protected":false},"excerpt":{"rendered":"\u00c0 Bruxelles, le dernier projet de l\u2019architecte Victoria-Maria Geyer est une explosion de couleurs. Dans un monde o\u00f9&hellip;\n","protected":false},"author":2,"featured_media":361910,"comment_status":"","ping_status":"","sticky":false,"template":"","format":"standard","meta":{"footnotes":""},"categories":[1358],"tags":[49720,49719,1348,1384,1385,1386,8416,58,59,1011,27,49721],"class_list":{"0":"post-361909","1":"post","2":"type-post","3":"status-publish","4":"format-standard","5":"has-post-thumbnail","7":"category-arts-et-design","8":"tag-_home_tour_international_ft","9":"tag-advisitesprivees","10":"tag-arts","11":"tag-arts-and-design","12":"tag-arts-et-design","13":"tag-design","14":"tag-digital_syndication","15":"tag-divertissement","16":"tag-entertainment","17":"tag-fr","18":"tag-france","19":"tag-textbelowcentergridwidth"},"share_on_mastodon":{"url":"https:\/\/pubeurope.com\/@fr\/115137270491804007","error":""},"_links":{"self":[{"href":"https:\/\/www.europesays.com\/fr\/wp-json\/wp\/v2\/posts\/361909","targetHints":{"allow":["GET"]}}],"collection":[{"href":"https:\/\/www.europesays.com\/fr\/wp-json\/wp\/v2\/posts"}],"about":[{"href":"https:\/\/www.europesays.com\/fr\/wp-json\/wp\/v2\/types\/post"}],"author":[{"embeddable":true,"href":"https:\/\/www.europesays.com\/fr\/wp-json\/wp\/v2\/users\/2"}],"replies":[{"embeddable":true,"href":"https:\/\/www.europesays.com\/fr\/wp-json\/wp\/v2\/comments?post=361909"}],"version-history":[{"count":0,"href":"https:\/\/www.europesays.com\/fr\/wp-json\/wp\/v2\/posts\/361909\/revisions"}],"wp:featuredmedia":[{"embeddable":true,"href":"https:\/\/www.europesays.com\/fr\/wp-json\/wp\/v2\/media\/361910"}],"wp:attachment":[{"href":"https:\/\/www.europesays.com\/fr\/wp-json\/wp\/v2\/media?parent=361909"}],"wp:term":[{"taxonomy":"category","embeddable":true,"href":"https:\/\/www.europesays.com\/fr\/wp-json\/wp\/v2\/categories?post=361909"},{"taxonomy":"post_tag","embeddable":true,"href":"https:\/\/www.europesays.com\/fr\/wp-json\/wp\/v2\/tags?post=361909"}],"curies":[{"name":"wp","href":"https:\/\/api.w.org\/{rel}","templated":true}]}}