{"id":361911,"date":"2025-09-02T23:21:21","date_gmt":"2025-09-02T23:21:21","guid":{"rendered":"https:\/\/www.europesays.com\/fr\/361911\/"},"modified":"2025-09-02T23:21:21","modified_gmt":"2025-09-02T23:21:21","slug":"le-bowling-quelle-apercoit-sera-le-debut-dun-terrible-engrenage-victor-jestin-nous-entraine-dans-les-pas-de-la-mauvaise-joueuse","status":"publish","type":"post","link":"https:\/\/www.europesays.com\/fr\/361911\/","title":{"rendered":"\u00ab\u00a0Le bowling qu\u2019elle aper\u00e7oit sera le d\u00e9but d\u2019un terrible engrenage\u00a0\u00bb\u00a0: Victor Jestin nous entra\u00eene dans les pas de \u00ab\u00a0La mauvaise joueuse\u00a0\u00bb"},"content":{"rendered":"<p>Note\u00a0: 4\/5<\/p>\n<p>Qu\u2019est-ce qui a bien pu amener, un mardi soir de novembre, la narratrice de \u00ab\u00a0La mauvaise joueuse\u00a0\u00bb \u00e0 marcher, sous la pluie, sur une nationale, \u00e0 15 km de Saint-Nazaire\u00a0? La femme en question, une trentenaire avec des taches de rousseur, se pr\u00e9nomme Maud. Comptable dans un bureau d\u2019\u00e9tudes en urbanisme \u00e0 Savenay, celle-ci m\u00e8ne une vie apparemment normale o\u00f9 sont r\u00e9unis \u00ab\u00a0l\u2019amour, l\u2019amiti\u00e9, le travail et des passions saines\u00a0: la musique, les plantes, le cin\u00e9ma, les brocantes, les travaux d\u2019int\u00e9rieur\u00a0\u00bb. Les lectrices et les lecteurs pris dans la toile tiss\u00e9e par Victor Jestin ont d\u2019embl\u00e9e bien conscience que Maud avait un probl\u00e8me. Le bowling qu\u2019elle aper\u00e7oit, \u00e0 la premi\u00e8re page, sera le d\u00e9but d\u2019un terrible engrenage. Avec le retour en force chez Maud d\u2019un vice qu\u2019elle tenait \u00e0 distance\u00a0: un rapport maladif au jeu survenu pendant son enfance qu\u2019elle croyait avoir endigu\u00e9\u2026<\/p>\n<p>Impeccablement men\u00e9 d\u2019un bout \u00e0 l\u2019autre, \u00ab\u00a0La mauvaise joueuse\u00a0\u00bb fait plus que confirmer tout le bien que l\u2019on pensait d\u00e9j\u00e0 du talentueux Victor Jestin. Un \u00e9crivain incroyablement dou\u00e9 depuis ses d\u00e9buts avec \u00ab\u00a0La chaleur\u00a0\u00bb pour saisir le vertige et l\u2019incarner dans les pages de ses romans \u00e0 l\u2019\u00e9criture cisel\u00e9e.<\/p>\n<p class=\"note\">Victor Jestin, \u00ab\u00a0La mauvaise joueuse\u00a0\u00bb, Flammarion, 149 pages, 18 \u20ac.<\/p>\n","protected":false},"excerpt":{"rendered":"Note\u00a0: 4\/5 Qu\u2019est-ce qui a bien pu amener, un mardi soir de novembre, la narratrice de \u00ab\u00a0La mauvaise&hellip;\n","protected":false},"author":2,"featured_media":361912,"comment_status":"","ping_status":"","sticky":false,"template":"","format":"standard","meta":{"footnotes":""},"categories":[1357],"tags":[10276,1379,58,59,1011,27,1380],"class_list":{"0":"post-361911","1":"post","2":"type-post","3":"status-publish","4":"format-standard","5":"has-post-thumbnail","7":"category-livres","8":"tag-a-lire","9":"tag-books","10":"tag-divertissement","11":"tag-entertainment","12":"tag-fr","13":"tag-france","14":"tag-livres"},"share_on_mastodon":{"url":"https:\/\/pubeurope.com\/@fr\/115137274515423004","error":""},"_links":{"self":[{"href":"https:\/\/www.europesays.com\/fr\/wp-json\/wp\/v2\/posts\/361911","targetHints":{"allow":["GET"]}}],"collection":[{"href":"https:\/\/www.europesays.com\/fr\/wp-json\/wp\/v2\/posts"}],"about":[{"href":"https:\/\/www.europesays.com\/fr\/wp-json\/wp\/v2\/types\/post"}],"author":[{"embeddable":true,"href":"https:\/\/www.europesays.com\/fr\/wp-json\/wp\/v2\/users\/2"}],"replies":[{"embeddable":true,"href":"https:\/\/www.europesays.com\/fr\/wp-json\/wp\/v2\/comments?post=361911"}],"version-history":[{"count":0,"href":"https:\/\/www.europesays.com\/fr\/wp-json\/wp\/v2\/posts\/361911\/revisions"}],"wp:featuredmedia":[{"embeddable":true,"href":"https:\/\/www.europesays.com\/fr\/wp-json\/wp\/v2\/media\/361912"}],"wp:attachment":[{"href":"https:\/\/www.europesays.com\/fr\/wp-json\/wp\/v2\/media?parent=361911"}],"wp:term":[{"taxonomy":"category","embeddable":true,"href":"https:\/\/www.europesays.com\/fr\/wp-json\/wp\/v2\/categories?post=361911"},{"taxonomy":"post_tag","embeddable":true,"href":"https:\/\/www.europesays.com\/fr\/wp-json\/wp\/v2\/tags?post=361911"}],"curies":[{"name":"wp","href":"https:\/\/api.w.org\/{rel}","templated":true}]}}