{"id":361913,"date":"2025-09-02T23:22:10","date_gmt":"2025-09-02T23:22:10","guid":{"rendered":"https:\/\/www.europesays.com\/fr\/361913\/"},"modified":"2025-09-02T23:22:10","modified_gmt":"2025-09-02T23:22:10","slug":"lemission-popcorn-de-domingo-revient-des-le-9-septembre","status":"publish","type":"post","link":"https:\/\/www.europesays.com\/fr\/361913\/","title":{"rendered":"L&rsquo;\u00e9mission \u00ab\u00a0Popcorn\u00a0\u00bb de Domingo revient d\u00e8s le 9 septembre"},"content":{"rendered":"<p>\u00ab\u00a0Popcorn\u00a0\u00bb, la c\u00e9l\u00e8bre \u00e9mission du streameur Domingo, reviendra sur Twitch d\u00e8s le 9 septembre \u00e0 20h00 dans un format mensuel. Le talk-show avait annonc\u00e9 faire une pause en d\u00e9cembre dernier.<\/p>\n<p>\u00ab\u00a0Ca m&rsquo;avait trop manqu\u00e9.\u00a0\u00bb Apr\u00e8s plusieurs mois d&rsquo;incertitude, le streameur Domingo a officialis\u00e9 le retour de \u00ab\u00a0Popcorn\u00a0\u00bb. Son c\u00e9l\u00e8bre talk-show reviendra \u00e0 partir du 9 septembre dans un format mensuel.<\/p>\n<p>L&rsquo;annonce a \u00e9t\u00e9 faite par le streamer sur X, ex-Twitter. Dans une courte vid\u00e9o humoristique, on peut voir le cr\u00e9ateur de contenus l\u00e9g\u00e8rement mal en point se confier \u00e0 une psychologue <a href=\"https:\/\/www.bfmtv.com\/tech\/actualites\/streaming\/popcorn-reviendra-l-emission-twitch-va-s-arreter-sous-sa-forme-hebdomadaire_AN-202412170938.html\" title=\"&quot;Popcorn reviendra&quot;: l&#039;\u00e9mission Twitch va s&#039;arr\u00eater &quot;sous sa forme hebdomadaire&quot;\" class=\"internal_link\" rel=\"nofollow noopener\" target=\"_blank\">sur la fin de l&rsquo;\u00e9mission<\/a>. Lorsque la professionnelle lui fait passer le test de Rorschach, ces images semblables \u00e0 des t\u00e2ches d&rsquo;encre, chaque clich\u00e9 lui rappelle le talk-show. \u00ab\u00a0Je vais vous pr\u00e9scrire une \u00e9mission un mardi par mois et vous commencerez le traitement le 9 septembre\u00a0\u00bb, conclut finalement la psychologue.<\/p>\n<p>Le streamer donne donc rendez-vous \u00e0 ses fans le 9 septembre \u00e0 20h00 sur Twitch pour le retour d&rsquo;une des \u00e9missions phares du streaming, cette fois-ci dans un format mensuel. Auparavant, \u00ab\u00a0Popcorn\u00a0\u00bb \u00e9tait diffus\u00e9e tous les mardis.<\/p>\n<p>Et les r\u00e9actions ne se sont pas faites attendre. \u00ab\u00a0Enfin le retour, merci\u00a0\u00bb, \u00e9crit un internaute sur X. \u00ab\u00a0H\u00e2te de vous retrouvez l&rsquo;\u00e9quipe\u00a0\u00bb, ajoute un autre. \u00ab\u00a0Un ou deux par mois c&rsquo;est tr\u00e8s bien. Quatre c&rsquo;\u00e9tait trop pour vous\u00a0\u00bb, confirme un utilisateur.<\/p>\n<p>En d\u00e9cembre dernier, Florent Derue, producteur de ce talk-show, avait annonc\u00e9 la fin de \u00ab\u00a0Popcorn\u00a0\u00bb sous sa forme hebdomadaire. \u00ab\u00a0Apr\u00e8s 6 saisons et plus de 500 heures de direct, l&rsquo;\u00e9mission ne sera plus en format hebdomadaire. Au d\u00e9but de cette aventure, j\u2019\u00e9tais loin de m\u2019imaginer que ce plateau allait voir d\u00e9filer des artistes que j&rsquo;admirais, et remplir des salles de spectacles enti\u00e8res\u00a0\u00bb, avait-<a href=\"https:\/\/x.com\/florentderue\/status\/1869137831836234003\" target=\"_blank\" class=\"external_link\" rel=\"nofollow\">t-il expliqu\u00e9 sur X.<\/a><\/p>\n<p>La d\u00e9cision, <a href=\"https:\/\/www.bfmtv.com\/tech\/youtube\/aucune-embrouille-le-producteur-de-popcorn-revient-sur-l-arret-de-l-emission-hebdomadaire_AV-202412180588.html\" title=\"&quot;Aucune embrouille&quot;: le producteur de Popcorn revient sur l&#039;arr\u00eat de l&#039;\u00e9mission hebdomadaire\" class=\"internal_link\" rel=\"nofollow noopener\" target=\"_blank\">prise d&rsquo;un commun accord entre Domingo et Webedia<\/a>, qui produisait le programme, avait suscit\u00e9 une vague de r\u00e9actions n\u00e9gatives sur les r\u00e9seaux sociaux. Pour finir en beaut\u00e9, Domingo avait alors d\u00e9cid\u00e9 de revenir en avril pour <a href=\"https:\/\/www.bfmtv.com\/tech\/actualites\/reseaux-sociaux\/popcorn-revient-le-22-avril-a-l-olympia_AN-202503310493.html\" title=\"&quot;Popcorn&quot; revient le 22 avril \u00e0 l&#039;Olympia\" class=\"internal_link\" rel=\"nofollow noopener\" target=\"_blank\">une soir\u00e9e \u00e9v\u00e9nement \u00e0 l&rsquo;Olympia<\/a>, et en direct sur Twitch.<\/p>\n<p>En six ans, \u00ab\u00a0Popcorn\u00a0\u00bb a r\u00e9ussi \u00e0 se faire une place de choix aupr\u00e8s des moins de 25 ans. Des personnalit\u00e9s d&rsquo;internet, du monde du sport ou de la chanson \u00e9taient r\u00e9guli\u00e8rement invit\u00e9s pour parler de leurs actualit\u00e9s. Parmi elles, Pierre Niney, <a href=\"https:\/\/www.bfmtv.com\/tech\/youtube\/je-pense-que-je-vais-morfler-inoxtag-se-lance-a-l-assaut-de-l-atlantique-en-bateau-sans-moteur_AV-202507090050.html\" title=\"&quot;Je pense que je vais morfler&quot;: Inoxtag se lance \u00e0 l&#039;assaut de l&#039;Atlantique en bateau sans moteur\" class=\"internal_link\" rel=\"nofollow noopener\" target=\"_blank\">Inoxtag<\/a>, Thomas Pesquet ou encore Clara Luciani. Selon <a href=\"https:\/\/fr.webedia-group.com\/news\/creators\/lemission-popcorn-renforce-sa-position-de-talkshow-numero-1-sur-twitch-en-france\" target=\"_blank\" class=\"external_link\" rel=\"nofollow noopener\">Webedia<\/a>, en janvier 2024, le show comptait \u00ab\u00a0plus de 300.000 vues live par semaine, mais \u00e9galement en replay, avec\u00a02,5 millions de vues cumul\u00e9es en moyenne\u00a0par \u00e9mission sur Youtube cette saison.\u00a0\u00bb<\/p>\n","protected":false},"excerpt":{"rendered":"\u00ab\u00a0Popcorn\u00a0\u00bb, la c\u00e9l\u00e8bre \u00e9mission du streameur Domingo, reviendra sur Twitch d\u00e8s le 9 septembre \u00e0 20h00 dans un&hellip;\n","protected":false},"author":2,"featured_media":361914,"comment_status":"","ping_status":"","sticky":false,"template":"","format":"standard","meta":{"footnotes":""},"categories":[1356],"tags":[58,59,1011,27,252,1364],"class_list":{"0":"post-361913","1":"post","2":"type-post","3":"status-publish","4":"format-standard","5":"has-post-thumbnail","7":"category-television","8":"tag-divertissement","9":"tag-entertainment","10":"tag-fr","11":"tag-france","12":"tag-television","13":"tag-tv"},"share_on_mastodon":{"url":"https:\/\/pubeurope.com\/@fr\/115137278424187912","error":""},"_links":{"self":[{"href":"https:\/\/www.europesays.com\/fr\/wp-json\/wp\/v2\/posts\/361913","targetHints":{"allow":["GET"]}}],"collection":[{"href":"https:\/\/www.europesays.com\/fr\/wp-json\/wp\/v2\/posts"}],"about":[{"href":"https:\/\/www.europesays.com\/fr\/wp-json\/wp\/v2\/types\/post"}],"author":[{"embeddable":true,"href":"https:\/\/www.europesays.com\/fr\/wp-json\/wp\/v2\/users\/2"}],"replies":[{"embeddable":true,"href":"https:\/\/www.europesays.com\/fr\/wp-json\/wp\/v2\/comments?post=361913"}],"version-history":[{"count":0,"href":"https:\/\/www.europesays.com\/fr\/wp-json\/wp\/v2\/posts\/361913\/revisions"}],"wp:featuredmedia":[{"embeddable":true,"href":"https:\/\/www.europesays.com\/fr\/wp-json\/wp\/v2\/media\/361914"}],"wp:attachment":[{"href":"https:\/\/www.europesays.com\/fr\/wp-json\/wp\/v2\/media?parent=361913"}],"wp:term":[{"taxonomy":"category","embeddable":true,"href":"https:\/\/www.europesays.com\/fr\/wp-json\/wp\/v2\/categories?post=361913"},{"taxonomy":"post_tag","embeddable":true,"href":"https:\/\/www.europesays.com\/fr\/wp-json\/wp\/v2\/tags?post=361913"}],"curies":[{"name":"wp","href":"https:\/\/api.w.org\/{rel}","templated":true}]}}