{"id":361927,"date":"2025-09-02T23:29:10","date_gmt":"2025-09-02T23:29:10","guid":{"rendered":"https:\/\/www.europesays.com\/fr\/361927\/"},"modified":"2025-09-02T23:29:10","modified_gmt":"2025-09-02T23:29:10","slug":"un-juge-rejette-la-demande-du-gouvernement-americain-de-separer-google-en-plusieurs-entites-le-figaro","status":"publish","type":"post","link":"https:\/\/www.europesays.com\/fr\/361927\/","title":{"rendered":"Un juge rejette la demande du gouvernement am\u00e9ricain de s\u00e9parer Google en plusieurs entit\u00e9s &#8211; Le Figaro"},"content":{"rendered":"<ol>\n<li><a href=\"https:\/\/news.google.com\/rss\/articles\/CBMi2gFBVV95cUxQcE9UOXdCV185SnJIZ0Fid2FEaXpRcXd3NkFia3ZEcWFzOVAwbzFjc0pqMlVZNFJQX0FITFo5cmR6MFN4cktRUWpNbVZsc252R1lrR1JhbXJvUVIyWUpRdGVYa2hnaFVHb29temFwZDBmTVJ0WVNqWXQ1RVdFUVk1VGtuaWVpQXpNUU1Ebjh4MDNfX0hTZHNjZGd0NFdrV1g1YXlhNENGUWRvcTFoRkw0eXZlSmhweDRlcWJmZ1VLMy1iek56WlUwVEZDTXJlQ2RJbHFCQ1JpWFVrQQ?oc=5\" target=\"_blank\" rel=\"nofollow noopener\">Un juge rejette la demande du gouvernement am\u00e9ricain de s\u00e9parer Google en plusieurs entit\u00e9s<\/a>&nbsp;&nbsp;Le Figaro<\/li>\n<li><a href=\"https:\/\/news.google.com\/rss\/articles\/CBMiowJBVV95cUxPVTQzZU80Zk1vczl5di1lQkUxVzJaMWdEZlFWRGpYSE5yWS1wX0xhYVMyc2poMTR5SUphanMwR1FDZm1fVnlBYnNKZDdKMEVYNFBuc29qMG1wRXFvSHEzRUo1Y05GYkNITS1yN081ODhGZjZvUlZwaFF2T0twdHp2N1RLdkJ3U1M2QmpPLVRKekZLNWk4QjZrSGlwenhCbFlEMi14bENOVVpYak85NDM0bnlGN3BUWXZYNDdyWnJaUU9ua082VTdGVEg2SWhUMXhTUmVlcV9iWW95MWVwbEpVaWhRNHlULUtTR3VSS1Jsd0RKWExHY0tUVkJIMXlzVFd6MDgwSU5XX3FlNXpDQ0g3NDVYdDMxdGhubllfMXZ0aVJpczjSAagCQVVfeXFMTmxVMzVEa2o2bU1qNDNGRE5vTm0wSTB4M3FIRWdsRGlRSzk3eEFPaFZCQVRKN2h5X015V1E0T3lkXzhqVnlrazFjXzIwNzdMZjVpOUx5aWRvSFE2TzRiRlRzZmVXdDRBOTljN3V5X2JjU1NyeFZBNGNlVjc4YnR5T25IVDJkeHdOMlAzWUg2M0hxSlFyN3BRZVBENk9yTWxLX1F5b3N5TTZZQklpMUNEM01nQV81ZlVCMXNTX1hPSUw3ZFh3eGJSWUszR3pvbUFTV2pCZ0l2THpXS2RNZS1MYzJ0eERfcU9jMl9uSl92Tk5vTWFkenU2WFJ3ZFZ6VWlTc0NrYnc1TmFDWTJibUc2ZTRjb2lDNUxFMDI0WHNxdnE0WFZhcDNFUDQ?oc=5\" target=\"_blank\" rel=\"nofollow noopener\">Comment les grandes entreprises technologiques s&rsquo;en sortent-elles face aux poursuites antitrust engag\u00e9es aux \u00c9<\/a>&nbsp;&nbsp;Boursorama<\/li>\n<li><a href=\"https:\/\/news.google.com\/rss\/articles\/CBMixwFBVV95cUxObDVTRHd4TDNwX2ptc2lENzU2NVFNUExrQkhCYUoteDUyYjZQM0xUTlZwOHlJOGkwb2V6eFYxMkxmOWNhZjF1VDN1dENDMTJhZGFLYXVBejktWTRGZGNNbkdjZ2F6dlN4eWZqMi11M0dXYjJZTkRTV09Ub3p1UE1ZZTh5VzNsVC0wb1RRNXdTeHcwOHRFLVhjc2h3Nk50VjlLN1RGcUU0U1pjWjB2N2J3b0swNUlBTG52bWxyWERqY2ZyaU51bEtj?oc=5\" target=\"_blank\" rel=\"nofollow noopener\">Google \u00e9vite le d\u00e9mant\u00e8lement et sauve le contrat \u00e0 20 milliards avec Apple<\/a>&nbsp;&nbsp;Les Echos<\/li>\n<li><a href=\"https:\/\/news.google.com\/rss\/articles\/CBMipgFBVV95cUxPN3hGUXc1OXppUEs2SXV4WDNYQVpWNlhuc1Ywb2Rlalh2Q2JEYjhzOGNpVXpIY01qR3A3SXoxYjZyYi1GamxWUGdwTjVGSUpHVzIzdFF5UVgzQmhpTWNOb25jdkRlX2JvdHVTTnhXQWdZbUZWNXpHVkc1amRmV1l5cVY3ZVlyUG56UWl5NndwQ1piZ1NZbUx3blNIR3VpUzZMZ1hoYjFR?oc=5\" target=\"_blank\" rel=\"nofollow noopener\">Google, condamn\u00e9 pour monopole, \u00e9chappe \u00e0 l&rsquo;obligation de vendre Chrome<\/a>&nbsp;&nbsp;La Croix<\/li>\n<li><a href=\"https:\/\/news.google.com\/rss\/articles\/CBMivAFBVV95cUxQemw4anFxLVhpVzNLUUNOOUJBczJGekNkUFVMU1gyZlYwLXd1TV8yeWctWU5Jc0ZqNzByRWRkaW0zRTdTcjdGeFRtRkNTTTZUMUUxRW1rNmpvNmJTa0tpNGhuczZXODlXNUpsRFNLM082N2NQdjlhRnFzUjl0VzctVU5OYlZVUUwwY1Rlb3k5U3ByVGpOYzNPd0otNlpOR0lIVDVOT3BYSmhpQnFkdHJmSHBGd181eW5uQ1VFaA?oc=5\" target=\"_blank\" rel=\"nofollow noopener\">Google doit partager ses donn\u00e9es de recherche mais \u00e9chappe \u00e0 la vente de Chrome<\/a>&nbsp;&nbsp;France 24<\/li>\n<\/ol>\n","protected":false},"excerpt":{"rendered":"Un juge rejette la demande du gouvernement am\u00e9ricain de s\u00e9parer Google en plusieurs entit\u00e9s&nbsp;&nbsp;Le Figaro Comment les grandes&hellip;\n","protected":false},"author":2,"featured_media":361928,"comment_status":"","ping_status":"","sticky":false,"template":"","format":"standard","meta":{"footnotes":""},"categories":[6],"tags":[35,33,34,73,1011,27,323],"class_list":{"0":"post-361927","1":"post","2":"type-post","3":"status-publish","4":"format-standard","5":"has-post-thumbnail","7":"category-economie","8":"tag-business","9":"tag-economie","10":"tag-economy","11":"tag-etats-unis","12":"tag-fr","13":"tag-france","14":"tag-google"},"share_on_mastodon":{"url":"https:\/\/pubeurope.com\/@fr\/115137305964309701","error":""},"_links":{"self":[{"href":"https:\/\/www.europesays.com\/fr\/wp-json\/wp\/v2\/posts\/361927","targetHints":{"allow":["GET"]}}],"collection":[{"href":"https:\/\/www.europesays.com\/fr\/wp-json\/wp\/v2\/posts"}],"about":[{"href":"https:\/\/www.europesays.com\/fr\/wp-json\/wp\/v2\/types\/post"}],"author":[{"embeddable":true,"href":"https:\/\/www.europesays.com\/fr\/wp-json\/wp\/v2\/users\/2"}],"replies":[{"embeddable":true,"href":"https:\/\/www.europesays.com\/fr\/wp-json\/wp\/v2\/comments?post=361927"}],"version-history":[{"count":0,"href":"https:\/\/www.europesays.com\/fr\/wp-json\/wp\/v2\/posts\/361927\/revisions"}],"wp:featuredmedia":[{"embeddable":true,"href":"https:\/\/www.europesays.com\/fr\/wp-json\/wp\/v2\/media\/361928"}],"wp:attachment":[{"href":"https:\/\/www.europesays.com\/fr\/wp-json\/wp\/v2\/media?parent=361927"}],"wp:term":[{"taxonomy":"category","embeddable":true,"href":"https:\/\/www.europesays.com\/fr\/wp-json\/wp\/v2\/categories?post=361927"},{"taxonomy":"post_tag","embeddable":true,"href":"https:\/\/www.europesays.com\/fr\/wp-json\/wp\/v2\/tags?post=361927"}],"curies":[{"name":"wp","href":"https:\/\/api.w.org\/{rel}","templated":true}]}}