{"id":361929,"date":"2025-09-02T23:30:12","date_gmt":"2025-09-02T23:30:12","guid":{"rendered":"https:\/\/www.europesays.com\/fr\/361929\/"},"modified":"2025-09-02T23:30:12","modified_gmt":"2025-09-02T23:30:12","slug":"donald-trump-qualifie-de-fausses-nouvelles-les-rumeurs-sur-sa-sante-et-explique-avoir-ete-tres-actif-pendant-le-week-end","status":"publish","type":"post","link":"https:\/\/www.europesays.com\/fr\/361929\/","title":{"rendered":"Donald Trump qualifie de \u00ab\u00a0fausses nouvelles\u00a0\u00bb les rumeurs sur sa sant\u00e9 et explique avoir \u00e9t\u00e9 \u00ab\u00a0tr\u00e8s actif pendant le week-end\u00a0\u00bb"},"content":{"rendered":"<p>Le pr\u00e9sident am\u00e9ricain Donald Trump est apparu en public ce mardi pour la premi\u00e8re fois depuis plusieurs jours, une p\u00e9riode au cours de laquelle des rumeurs sur sa sant\u00e9 ont \u00e9merg\u00e9.<\/p>\n<p>Interrog\u00e9 sur son absence ces derniers jours, Donald Trump a indiqu\u00e9 ce mardi 2 septembre depuis la Maison Blanche qu&rsquo;il a \u00e9t\u00e9 \u00ab\u00a0tr\u00e8s actif pendant le week-end\u00a0\u00bb, pr\u00e9cisant que \u00ab\u00a0les rapports sur (s)a sant\u00e9 sont de fausses nouvelles\u00a0\u00bb. Le dirigeant am\u00e9ricain de 79 ans explique \u00ab\u00a0ne pas avoir vu\u00a0\u00bb<a href=\"https:\/\/www.bfmtv.com\/international\/amerique-nord\/etats-unis\/donald-trump\/je-ne-me-suis-jamais-senti-aussi-bien-donald-trump-rassure-apres-les-rumeurs-inquietantes-sur-son-etat-de-sante_AV-202509010134.html\" title=\"&quot;Je ne me suis jamais senti aussi bien&quot;: Donald Trump rassure apr\u00e8s les rumeurs inqui\u00e9tantes sur son \u00e9tat de sant\u00e9\" class=\"internal_link\" rel=\"nofollow noopener\" target=\"_blank\"> les rumeurs sur sa sant\u00e9 qui ont \u00e9merg\u00e9 sur les r\u00e9seaux sociaux<\/a>, taclant au passage \u00ab\u00a0la cr\u00e9dibilit\u00e9 des m\u00e9dias\u00a0\u00bb.<\/p>\n<p>\u00ab\u00a0J&rsquo;ai vu qu&rsquo;ils se demandaient &lsquo;est-ce qu&rsquo;il va bien? Comment se sent-il? Qu&rsquo;est-ce qui ne va pas?&rsquo; alors que c&rsquo;\u00e9tait juste un week-end prolong\u00e9\u00a0\u00bb, a poursuivi Donald Trump face \u00e0 la presse. Une nouvelle fois, le r\u00e9publicain a tacl\u00e9 son pr\u00e9d\u00e9cesseur Joe Biden.<\/p>\n<blockquote class=\"embed embed_quote\"><p>\u00ab\u00a0Je ne fais pas de conf\u00e9rence de presse pendant deux jours et les gens disent: &lsquo;quelque-chose ne va pas chez lui&rsquo;. Biden, lui, disparaissait pendant des mois et personne ne disait rien alors qu&rsquo;on sait qu&rsquo;il n&rsquo;\u00e9tait pas en forme\u00a0\u00bb, souligne Donald Trump.<\/p><\/blockquote>\n<p>Des h\u00e9matomes du fait \u00ab\u00a0de serrages de main fr\u00e9quents\u00a0\u00bb, selon la Maison Blanche<\/p>\n<p>Les interrogations autour de la sant\u00e9 du pr\u00e9sident des \u00c9tats-Unis ont aussi \u00e9t\u00e9 aliment\u00e9es par une <a href=\"https:\/\/www.bfmtv.com\/international\/amerique-nord\/etats-unis\/video-absence-de-donald-trump-si-une-tragedie-venait-a-se-produire-je-ne-pourrais-imaginer-une-meilleure-formation-que-celle-que-j-ai-recu-lance-j-d-vance_VN-202508300249.html\" title=\"Absence de Donald Trump: &quot;Si une trag\u00e9die venait a se produire, je ne pourrais imaginer une meilleure formation que celle que j&#039;ai re\u00e7u&quot;, lance J.D. Vance\" class=\"internal_link\" rel=\"nofollow noopener\" target=\"_blank\">interview du vice-pr\u00e9sident am\u00e9ricain JD Vance<\/a>. Il expliquait que \u00ab\u00a0oui, de terribles trag\u00e9dies se produisent\u00a0\u00bb, pr\u00e9cisant \u00ab\u00a0ne pas imaginer une meilleure formation que celle que j&rsquo;ai re\u00e7u au cours des 200 derniers jours\u00a0\u00bb. JD Vance pr\u00e9cisait tout de m\u00eame d\u00e9j\u00e0 que Donald Trump \u00e9tait alors \u00ab\u00a0en excellente sant\u00e9\u00a0\u00bb.<\/p>\n<p>La Maison Blanche avait affirm\u00e9 en juillet que les h\u00e9matomes visibles sur la main droite du pr\u00e9sident <a href=\"https:\/\/www.bfmtv.com\/international\/amerique-nord\/etats-unis\/donald-trump\/donald-trump-un-bleu-sur-sa-main-interpelle-la-maison-blanche-invoque-les-serrages-de-main_AD-202502260292.html\" title=\"Donald Trump: un bleu sur sa main interpelle, la Maison Blanche invoque les &quot;serrages de main&quot;\" class=\"internal_link\" rel=\"nofollow noopener\" target=\"_blank\">\u00e9taient la cons\u00e9quence \u00ab\u00a0de serrages de main fr\u00e9quents\u00a0\u00bb<\/a> et \u00e0 sa prise d&rsquo;aspirine comme traitement cardiovasculaire standard. L&rsquo;ex\u00e9cutif am\u00e9ricain avait \u00e9galement r\u00e9v\u00e9l\u00e9 que <a href=\"https:\/\/www.bfmtv.com\/international\/amerique-nord\/etats-unis\/donald-trump-diagnostique-d-une-insuffisance-veineuse-chronique_AN-202507170547.html\" title=\"Donald Trump diagnostiqu\u00e9 d&#039;une insuffisance veineuse chronique\" class=\"internal_link\" rel=\"nofollow noopener\" target=\"_blank\">Donald Trump souffrait d&rsquo;insuffisance veineuse chronique<\/a>, une affection r\u00e9pandue et b\u00e9nigne. Le m\u00e9decin pr\u00e9sidentiel Sean Barbarella avait alors \u00e9crit que Donald Trump demeurait \u00ab\u00a0en excellent \u00e9tat de sant\u00e9\u00a0\u00bb.<\/p>\n","protected":false},"excerpt":{"rendered":"Le pr\u00e9sident am\u00e9ricain Donald Trump est apparu en public ce mardi pour la premi\u00e8re fois depuis plusieurs jours,&hellip;\n","protected":false},"author":2,"featured_media":361930,"comment_status":"","ping_status":"","sticky":false,"template":"","format":"standard","meta":{"footnotes":""},"categories":[5],"tags":[11,1011,27,14,12,28],"class_list":{"0":"post-361929","1":"post","2":"type-post","3":"status-publish","4":"format-standard","5":"has-post-thumbnail","7":"category-international","8":"tag-actualites","9":"tag-fr","10":"tag-france","11":"tag-international","12":"tag-news","13":"tag-world"},"share_on_mastodon":{"url":"https:\/\/pubeurope.com\/@fr\/115137309907825245","error":""},"_links":{"self":[{"href":"https:\/\/www.europesays.com\/fr\/wp-json\/wp\/v2\/posts\/361929","targetHints":{"allow":["GET"]}}],"collection":[{"href":"https:\/\/www.europesays.com\/fr\/wp-json\/wp\/v2\/posts"}],"about":[{"href":"https:\/\/www.europesays.com\/fr\/wp-json\/wp\/v2\/types\/post"}],"author":[{"embeddable":true,"href":"https:\/\/www.europesays.com\/fr\/wp-json\/wp\/v2\/users\/2"}],"replies":[{"embeddable":true,"href":"https:\/\/www.europesays.com\/fr\/wp-json\/wp\/v2\/comments?post=361929"}],"version-history":[{"count":0,"href":"https:\/\/www.europesays.com\/fr\/wp-json\/wp\/v2\/posts\/361929\/revisions"}],"wp:featuredmedia":[{"embeddable":true,"href":"https:\/\/www.europesays.com\/fr\/wp-json\/wp\/v2\/media\/361930"}],"wp:attachment":[{"href":"https:\/\/www.europesays.com\/fr\/wp-json\/wp\/v2\/media?parent=361929"}],"wp:term":[{"taxonomy":"category","embeddable":true,"href":"https:\/\/www.europesays.com\/fr\/wp-json\/wp\/v2\/categories?post=361929"},{"taxonomy":"post_tag","embeddable":true,"href":"https:\/\/www.europesays.com\/fr\/wp-json\/wp\/v2\/tags?post=361929"}],"curies":[{"name":"wp","href":"https:\/\/api.w.org\/{rel}","templated":true}]}}