{"id":361931,"date":"2025-09-02T23:31:15","date_gmt":"2025-09-02T23:31:15","guid":{"rendered":"https:\/\/www.europesays.com\/fr\/361931\/"},"modified":"2025-09-02T23:31:15","modified_gmt":"2025-09-02T23:31:15","slug":"vote-de-confiance-bayrou-recoit-les-differents-partis-macron-dit-vouloir-travailler-avec-les-socialistes-et-exclut-le-rn-et-lfi","status":"publish","type":"post","link":"https:\/\/www.europesays.com\/fr\/361931\/","title":{"rendered":"Vote de confiance\u00a0: Bayrou re\u00e7oit les diff\u00e9rents partis, Macron dit vouloir \u00ab\u00a0travailler avec les socialistes\u00a0\u00bb et exclut le RN et LFI"},"content":{"rendered":"<p>\n                                                                \u00c0 six jours d\u2019un vote de confiance jug\u00e9 perdu d\u2019avance pour Fran\u00e7ois Bayrou, Emmanuel Macron a r\u00e9uni ce mardi 2\u00a0septembre les chefs de la coalition pr\u00e9sidentielle pour les exhorter \u00e0 travailler avec les socialistes, excluant LFI et le RN. L\u2019objectif\u00a0: \u00e9viter une dissolution, \u00e9largir la majorit\u00e9 et anticiper l\u2019apr\u00e8s-Bayrou, alors que la crise politique alimente l\u2019instabilit\u00e9 budg\u00e9taire.\n                            <\/p>\n<p>    Ce qu\u2019il faut retenir\u00a0:<\/p>\n<ul>\n<li>\n<p>Le 2\u00a0septembre, Emmanuel Macron a r\u00e9uni les chefs de la coalition \u00e0 l\u2019\u00c9lys\u00e9e pour les inciter \u00e0 \u00ab\u00a0travailler avec les socialistes\u00a0\u00bb, \u00e0 six jours d\u2019un vote de confiance que Fran\u00e7ois Bayrou semble d\u00e9j\u00e0 avoir perdu.<\/p>\n<\/li>\n<li>\n<p>Le PS refuse de voter la confiance mais se dit pr\u00eat \u00e0 gouverner. LFI et RN, exclus des discussions, r\u00e9clament une dissolution. Le taux d\u2019int\u00e9r\u00eat \u00e0 30 ans d\u00e9passe 4,5\u00a0%, signalant une tension sur les march\u00e9s.<\/p>\n<\/li>\n<li>\n<p>Nicolas Sarkozy plaide pour une nouvelle dissolution, contrairement \u00e0 Macron. Le RN se pr\u00e9pare \u00e0 des l\u00e9gislatives anticip\u00e9es, tandis que la majorit\u00e9 tente d\u2019\u00e9viter un sc\u00e9nario de crise politique majeure.<\/p>\n<\/li>\n<\/ul>\n<p>Le pr\u00e9sident Emmanuel Macron a r\u00e9uni mardi 2\u00a0septembre <a href=\"https:\/\/www.midilibre.fr\/2025\/09\/01\/vote-de-confiance-francois-bayrou-peut-il-encore-sauver-sa-place-le-premier-ministre-joue-gros-ces-prochaines-heures-12903886.php\" target=\"_blank\" rel=\"nofollow noopener\">les chefs de la coalition gouvernementale<\/a> pour les enjoindre de \u00ab\u00a0travailler avec les socialistes\u00a0\u00bb, <a href=\"https:\/\/www.midilibre.fr\/2025\/09\/02\/si-demain-on-devait-avoir-un-nouveau-premier-ministre-il-ferait-partie-naturellement-dune-short-list-darmanin-avance-ses-pions-12905155.php\" target=\"_blank\" rel=\"nofollow noopener\">\u00e0 six jours du vote de confiance au Parlement qui semble perdu d\u2019avance<\/a> pour le Premier ministre Fran\u00e7ois Bayrou.<\/p>\n<p>\u00c0 l\u2019occasion d\u2019un d\u00e9jeuner \u00e0 l\u2019Elys\u00e9e, le chef de l\u2019Etat a r\u00e9uni le Premier ministre, Gabriel Attal (Renaissance), Edouard Philippe (Horizons) et Bruno Retailleau (LR), <a href=\"https:\/\/www.midilibre.fr\/2025\/08\/31\/vote-de-confiance-jours-feries-supprimes-budget-gauche-et-rn-ce-quil-faut-retenir-de-linterview-du-premier-ministre-francois-bayrou-12903151.php\" target=\"_blank\" rel=\"nofollow noopener\">soit les chefs des partis qui soutiennent le gouvernement.<\/a><\/p>\n<p>LFI et le RN exclus<\/p>\n<p>Il les a invit\u00e9s \u00e0 \u00ab\u00a0travailler avec les socialistes\u00a0\u00bb et d\u2019autres partis \u00e0 l\u2019exclusion de LFI et du RN, \u00ab\u00a0pour \u00e9largir\u00a0\u00bb son assise dans la perspective du vote de confiance demand\u00e9 par Fran\u00e7ois Bayrou \u00ab\u00a0et le cas \u00e9ch\u00e9ant apr\u00e8s\u00a0\u00bb, a rapport\u00e9 un participant \u00e0 l\u2019AFP.<\/p>\n<p>Les socialistes se retrouvent ainsi au centre du jeu, m\u00eame s\u2019ils ont r\u00e9it\u00e9r\u00e9 \u00e0 plusieurs reprises qu\u2019ils ne voteraient pas la confiance. Comme l\u2019ensemble de la classe politique, ils se projettent d\u00e9j\u00e0 dans l\u2019apr\u00e8s-Bayrou.<\/p>\n<p>Apr\u00e8s avoir offert samedi les services du PS pour prendre la rel\u00e8ve \u00e0 Matignon, son premier secr\u00e9taire Olivier Faure a r\u00e9p\u00e9t\u00e9 vouloir \u00ab\u00a0un Premier ministre de gauche, avec un projet de gauche et qui soumette ses propositions au Parlement\u00a0\u00bb car \u00ab\u00a0une dissolution ne changera rien aux \u00e9quilibres\u00a0\u00bb.<\/p>\n<p>Pour le RN, \u00ab\u00a0le miracle n\u2019a pas eu lieu\u00a0\u00bb<\/p>\n<p>En attendant, Fran\u00e7ois Bayrou a repris mardi ses rencontres avec les partis politiques pour tenter d\u2019arracher la confiance lundi. Place publique, le petit parti de gauche de Rapha\u00ebl Glucksmann puis le Rassemblement national ont \u00e9t\u00e9 re\u00e7us mais \u00ab\u00a0le miracle n\u2019a pas eu lieu\u00a0\u00bb, a r\u00e9sum\u00e9 le patron du parti \u00e0 la flamme Jordan Bardella, rendant la chute du gouvernement quasi in\u00e9luctable.<\/p>\n<p>La gauche et l\u2019extr\u00eame droite, voire certains LR, rejettent en bloc le plan budg\u00e9taire qui pr\u00e9voit un effort de 44\u00a0milliards d\u2019euros en 2026. Cette nouvelle situation de crise politique a pouss\u00e9 \u00e0 la hausse le taux d\u2019int\u00e9r\u00eat de la dette fran\u00e7aise \u00e0 30 ans, qui a d\u00e9pass\u00e9 4,5\u00a0% pour la premi\u00e8re fois depuis 2011.<\/p>\n<p>\u00c0 gauche, si La France insoumise plaide sans rel\u00e2che pour le d\u00e9part d\u2019Emmanuel Macron, \u00c9cologistes et socialistes tentent d\u2019organiser une nouvelle alliance.<\/p>\n<p>L\u2019ancien pr\u00e9sident Nicolas Sarkozy appelle \u00e0 une nouvelle dissolution<\/p>\n<p>Lors du d\u00e9jeuner \u00e0 l\u2019Elys\u00e9e, tous les participants du bloc central se sont prononc\u00e9s \u00ab\u00a0contre la dissolution\u00a0\u00bb si le gouvernement venait \u00e0 tomber lundi prochain \u00e0 l\u2019issue du vote de confiance. Le pr\u00e9sident de la R\u00e9publique l\u2019a r\u00e9p\u00e9t\u00e9 \u00e0 plusieurs reprises\u00a0: l\u00e9gislatives ou pr\u00e9sidentielles anticip\u00e9es ne sont pas \u00e0 son ordre du jour. Mais plus l\u2019\u00e9ch\u00e9ance approche, plus la question est sur toutes les l\u00e8vres.<\/p>\n<p>L\u2019ancien pr\u00e9sident Nicolas Sarkozy a appel\u00e9 \u00e0 une nouvelle \u00ab\u00a0dissolution\u00a0\u00bb, dans un entretien au Figaro, o\u00f9 il a r\u00e9v\u00e9l\u00e9 avoir rencontr\u00e9 cet \u00e9t\u00e9 Emmanuel Macron et lui avoir dit \u00eatre \u00ab\u00a0persuad\u00e9 qu\u2019il n\u2019y aura pas d\u2019autre solution\u00a0\u00bb pour sortir la France de la crise politique.<\/p>\n<p>Qualifiant de \u00ab\u00a0suicide politique\u00a0\u00bb la d\u00e9cision de Fran\u00e7ois Bayrou de se soumettre \u00e0 un vote de confiance du Parlement, Nicolas Sarkozy n\u2019a pas appel\u00e9 son parti\u00a0\u00e0 la voter, prenant ses distances avec le patron de LR Bruno Retailleau qui demande le contraire \u00e0 ses d\u00e9put\u00e9s, tr\u00e8s divis\u00e9s.<\/p>\n<p>Le ministre de l\u2019Int\u00e9rieur avance donc sur une ligne de cr\u00eate et met en garde contre \u00ab\u00a0les incendiaires qui voudraient allumer la m\u00e8che de ce qui pourrait \u00eatre demain une explosion financi\u00e8re et budg\u00e9taire\u00a0\u00bb.<\/p>\n<p>Re\u00e7us dans l\u2019apr\u00e8s-midi \u00e0 Matignon, les dirigeants LR ont sugg\u00e9r\u00e9 que Fran\u00e7ois Bayrou serait pr\u00eat \u00e0 revenir sur la suppression tr\u00e8s impopulaire de deux jours f\u00e9ri\u00e9s, pr\u00e9vue dans son plan de redressement des finances publiques. Le Premier ministre doit de nouveau s\u2019exprimer mercredi matin sur BFMTV.<\/p>\n<p>\u00ab\u00a0Plus t\u00f4t on retournera aux urnes, plus t\u00f4t la France aura un budget\u00a0\u00bb, estime le RN<\/p>\n<p>Pour sa part, le RN met en sc\u00e8ne ses pr\u00e9paratifs pour des l\u00e9gislatives anticip\u00e9es. Marine Le Pen et Jordan Bardella ont r\u00e9clam\u00e9 mardi une \u00ab\u00a0dissolution ultra-rapide\u00a0\u00bb. \u00ab\u00a0Plus t\u00f4t on retournera aux urnes, plus t\u00f4t la France aura un budget\u00a0\u00bb, a d\u00e9clar\u00e9 le pr\u00e9sident du RN. Comme LFI, le RN appelle aussi de ses v\u0153ux une d\u00e9mission du chef de l\u2019Etat pour d\u00e9bloquer la crise.<\/p>\n<p>L\u2019id\u00e9e trouve un certain \u00e9cho chez LR, o\u00f9 elle est soutenue par l\u2019ex-ministre Jean-Fran\u00e7ois Cop\u00e9 ou la pr\u00e9sidente de la r\u00e9gion Ile-de-France Val\u00e9rie P\u00e9cresse. Mais pour Bruno Retailleau et Nicolas Sarkozy, le pr\u00e9sident de la R\u00e9publique doit aller au bout de son mandat.<\/p>\n<p>Dans cette cacophonie semblant pr\u00e9c\u00e9der un \u00e9pilogue aux airs de d\u00e9j\u00e0-vu lors de la chute du gouvernement de Michel Barnier en d\u00e9cembre, l\u2019opinion aura-t-elle le dernier mot\u00a0?<\/p>\n","protected":false},"excerpt":{"rendered":"\u00c0 six jours d\u2019un vote de confiance jug\u00e9 perdu d\u2019avance pour Fran\u00e7ois Bayrou, Emmanuel Macron a r\u00e9uni ce&hellip;\n","protected":false},"author":2,"featured_media":361932,"comment_status":"","ping_status":"","sticky":false,"template":"","format":"standard","meta":{"footnotes":""},"categories":[4],"tags":[11,1011,27,12,25],"class_list":{"0":"post-361931","1":"post","2":"type-post","3":"status-publish","4":"format-standard","5":"has-post-thumbnail","7":"category-france","8":"tag-actualites","9":"tag-fr","10":"tag-france","11":"tag-news","12":"tag-republique-francaise"},"share_on_mastodon":{"url":"https:\/\/pubeurope.com\/@fr\/115137313758099781","error":""},"_links":{"self":[{"href":"https:\/\/www.europesays.com\/fr\/wp-json\/wp\/v2\/posts\/361931","targetHints":{"allow":["GET"]}}],"collection":[{"href":"https:\/\/www.europesays.com\/fr\/wp-json\/wp\/v2\/posts"}],"about":[{"href":"https:\/\/www.europesays.com\/fr\/wp-json\/wp\/v2\/types\/post"}],"author":[{"embeddable":true,"href":"https:\/\/www.europesays.com\/fr\/wp-json\/wp\/v2\/users\/2"}],"replies":[{"embeddable":true,"href":"https:\/\/www.europesays.com\/fr\/wp-json\/wp\/v2\/comments?post=361931"}],"version-history":[{"count":0,"href":"https:\/\/www.europesays.com\/fr\/wp-json\/wp\/v2\/posts\/361931\/revisions"}],"wp:featuredmedia":[{"embeddable":true,"href":"https:\/\/www.europesays.com\/fr\/wp-json\/wp\/v2\/media\/361932"}],"wp:attachment":[{"href":"https:\/\/www.europesays.com\/fr\/wp-json\/wp\/v2\/media?parent=361931"}],"wp:term":[{"taxonomy":"category","embeddable":true,"href":"https:\/\/www.europesays.com\/fr\/wp-json\/wp\/v2\/categories?post=361931"},{"taxonomy":"post_tag","embeddable":true,"href":"https:\/\/www.europesays.com\/fr\/wp-json\/wp\/v2\/tags?post=361931"}],"curies":[{"name":"wp","href":"https:\/\/api.w.org\/{rel}","templated":true}]}}