{"id":361935,"date":"2025-09-02T23:33:34","date_gmt":"2025-09-02T23:33:34","guid":{"rendered":"https:\/\/www.europesays.com\/fr\/361935\/"},"modified":"2025-09-02T23:33:34","modified_gmt":"2025-09-02T23:33:34","slug":"une-ambulance-des-pompiers-volee-et-retrouvee-quelques-heures-plus-tard","status":"publish","type":"post","link":"https:\/\/www.europesays.com\/fr\/361935\/","title":{"rendered":"une ambulance des pompiers vol\u00e9e et retrouv\u00e9e quelques heures plus tard"},"content":{"rendered":"<p>Dans la nuit de samedi \u00e0 dimanche, aux alentours de 3 heures du matin, une ambulance de pompiers a \u00e9t\u00e9 vol\u00e9e sur la commune de Firminy. Les pompiers \u00e9taient en intervention pour un secours \u00e0 la personne lorsqu\u2019un, ou plusieurs individus se sont introduits dans le v\u00e9hicule pour s\u2019enfuir avec.<\/p>\n<p>Gr\u00e2ce \u00e0 la g\u00e9olocalisation (les v\u00e9hicules de pompiers, comme ceux de la police, \u00e9tant localisables \u00e0 tout moment), l\u2019ambulance a \u00e9t\u00e9 retrouv\u00e9e quelques heures plus tard, toujours sur la commune de Firminy. Le v\u00e9hicule avait subi de petites d\u00e9gradations sur les gyrophares, mais il n\u2019y avait aucune trace du, ou des voleurs. Une enqu\u00eate a \u00e9t\u00e9 ouverte pour tenter de les identifier.<\/p>\n","protected":false},"excerpt":{"rendered":"Dans la nuit de samedi \u00e0 dimanche, aux alentours de 3 heures du matin, une ambulance de pompiers&hellip;\n","protected":false},"author":2,"featured_media":361936,"comment_status":"","ping_status":"","sticky":false,"template":"","format":"standard","meta":{"footnotes":""},"categories":[9653],"tags":[1111,11,2430,271,272,7539,1777,674,274,107,10282,10283,1011,27,3367,12,25,4001],"class_list":{"0":"post-361935","1":"post","2":"type-post","3":"status-publish","4":"format-standard","5":"has-post-thumbnail","7":"category-saint-etienne","8":"tag-actu","9":"tag-actualites","10":"tag-auvergne-rhone-alpes","11":"tag-crime","12":"tag-delit-et-contravention","13":"tag-edition-loire-sud","14":"tag-eu","15":"tag-europe","16":"tag-faits-divers-justice","17":"tag-fil-info","18":"tag-firminy","19":"tag-firminy-ville","20":"tag-fr","21":"tag-france","22":"tag-loire","23":"tag-news","24":"tag-republique-francaise","25":"tag-saint-etienne"},"share_on_mastodon":{"url":"https:\/\/pubeurope.com\/@fr\/115137321625993206","error":""},"_links":{"self":[{"href":"https:\/\/www.europesays.com\/fr\/wp-json\/wp\/v2\/posts\/361935","targetHints":{"allow":["GET"]}}],"collection":[{"href":"https:\/\/www.europesays.com\/fr\/wp-json\/wp\/v2\/posts"}],"about":[{"href":"https:\/\/www.europesays.com\/fr\/wp-json\/wp\/v2\/types\/post"}],"author":[{"embeddable":true,"href":"https:\/\/www.europesays.com\/fr\/wp-json\/wp\/v2\/users\/2"}],"replies":[{"embeddable":true,"href":"https:\/\/www.europesays.com\/fr\/wp-json\/wp\/v2\/comments?post=361935"}],"version-history":[{"count":0,"href":"https:\/\/www.europesays.com\/fr\/wp-json\/wp\/v2\/posts\/361935\/revisions"}],"wp:featuredmedia":[{"embeddable":true,"href":"https:\/\/www.europesays.com\/fr\/wp-json\/wp\/v2\/media\/361936"}],"wp:attachment":[{"href":"https:\/\/www.europesays.com\/fr\/wp-json\/wp\/v2\/media?parent=361935"}],"wp:term":[{"taxonomy":"category","embeddable":true,"href":"https:\/\/www.europesays.com\/fr\/wp-json\/wp\/v2\/categories?post=361935"},{"taxonomy":"post_tag","embeddable":true,"href":"https:\/\/www.europesays.com\/fr\/wp-json\/wp\/v2\/tags?post=361935"}],"curies":[{"name":"wp","href":"https:\/\/api.w.org\/{rel}","templated":true}]}}