{"id":361942,"date":"2025-09-02T23:38:26","date_gmt":"2025-09-02T23:38:26","guid":{"rendered":"https:\/\/www.europesays.com\/fr\/361942\/"},"modified":"2025-09-02T23:38:26","modified_gmt":"2025-09-02T23:38:26","slug":"var-la-rentree-scolaire-reportee-au-2-septembre","status":"publish","type":"post","link":"https:\/\/www.europesays.com\/fr\/361942\/","title":{"rendered":"Var\u00a0: la rentr\u00e9e scolaire report\u00e9e au 2 septembre"},"content":{"rendered":"<p><img loading=\"lazy\" decoding=\"async\" alt=\"\u00a9 K. Sarrazin - La rentr\u00e9e est report\u00e9e dans les \u00e9coles, coll\u00e8ges et lyc\u00e9es ainsi que les cr\u00e8ches.\" data-zoom-src=\"https:\/\/www.europesays.com\/fr\/wp-content\/uploads\/2025\/09\/initial-report-rentree-scolaire-var.jpg\" data-zoomable=\"\" height=\"702\" src=\"https:\/\/www.europesays.com\/fr\/wp-content\/uploads\/2025\/09\/initial-report-rentree-scolaire-var.jpg\" width=\"1248\"\/>  <\/p>\n<p class=\"article-desc\">\u00a9 K. Sarrazin &#8211; La rentr\u00e9e est report\u00e9e dans les \u00e9coles, coll\u00e8ges et lyc\u00e9es ainsi que les cr\u00e8ches. <\/p>\n<p>Un \u00ab\u00a0dodo\u00a0\u00bb de plus pour les enfants. Une journ\u00e9e qui doit s\u2019organiser au dernier moment pour les parents. <\/p>\n<p>La rentr\u00e9e scolaire report\u00e9e dans le Var <\/p>\n<p>Ce dimanche 31 ao\u00fbt, le pr\u00e9fet du Var, en lien avec les autorit\u00e9s acad\u00e9miques, a d\u00e9cid\u00e9 de reporter la <a href=\"https:\/\/mesinfos.fr\/tag\/rentree-scolaire\" rel=\"noopener\" target=\"_blank\">rentr\u00e9e scolaire<\/a> au<strong> 2 septembre<\/strong>. Les <strong>\u00e9coles, coll\u00e8ges et lyc\u00e9es, mais aussi les cr\u00e8ches<\/strong> sont concern\u00e9s par la mesure. La rentr\u00e9e scolaire a aussi \u00e9t\u00e9 d\u00e9cal\u00e9e \u00e0 mardi <a href=\"https:\/\/mesinfos.fr\/provence-alpes-cote-d-azur\/la-rentree-scolaire-reportee-a-mardi-dans-les-bouches-du-rhone-qui-est-concerne-228947.html\" rel=\"noopener\" target=\"_blank\">dans le d\u00e9partement voisin des Bouches-du-Rh\u00f4ne<\/a>.\u00a0 <\/p>\n<p>Cette d\u00e9cision fait suite aux pr\u00e9visions de M\u00e9t\u00e9o-France qui annonce que les <strong>orages<\/strong>, pr\u00e9sents en vall\u00e9e du Rh\u00f4ne, gagneront le Var. Le d\u00e9partement est d\u2019ailleurs plac\u00e9 en <strong>vigilance orange pour orages et pluie-inondation<\/strong> \u00e0 partir de 4 h du matin le 1er et jusqu\u2019en soir\u00e9e.<\/p>\n<p> Var\u00a0: orages, vent et pluies diluviennes annonc\u00e9es le 1er septembre <\/p>\n<p>Ces orages \u00ab pourraient s&rsquo;accompagner de fortes rafales de vent, de gr\u00eale et de pluies diluviennes. Les intensit\u00e9s pluvieuses pourraient aller jusqu&rsquo;\u00e0 30-40 mm en une heure, avec un risque de ph\u00e9nom\u00e8ne stationnaire : les cumuls pourraient alors d\u00e9passer les 100 mm en peu de temps\u00a0\u00bb, pr\u00e9cise la pr\u00e9fecture du Var dans un communiqu\u00e9. La <strong>partie ouest du d\u00e9partement<\/strong> est plus particuli\u00e8rement concern\u00e9. <\/p>\n<p>Les <strong>transports scolaires<\/strong> sont aussi suspendus le 1er septembre dans l\u2019ensemble du d\u00e9partement afin de garantir la s\u00e9curit\u00e9 des \u00e9l\u00e8ves et des parents.<\/p>\n","protected":false},"excerpt":{"rendered":"\u00a9 K. Sarrazin &#8211; La rentr\u00e9e est report\u00e9e dans les \u00e9coles, coll\u00e8ges et lyc\u00e9es ainsi que les cr\u00e8ches.&hellip;\n","protected":false},"author":2,"featured_media":361943,"comment_status":"","ping_status":"","sticky":false,"template":"","format":"standard","meta":{"footnotes":""},"categories":[9619],"tags":[1111,11,1777,674,1011,27,34218,12,882,49723,25,2310],"class_list":{"0":"post-361942","1":"post","2":"type-post","3":"status-publish","4":"format-standard","5":"has-post-thumbnail","7":"category-toulon","8":"tag-actu","9":"tag-actualites","10":"tag-eu","11":"tag-europe","12":"tag-fr","13":"tag-france","14":"tag-mu00e9tu00e9o-france","15":"tag-news","16":"tag-provence-alpes-cote-dazur","17":"tag-rentru00e9e-scolaire","18":"tag-republique-francaise","19":"tag-toulon"},"share_on_mastodon":{"url":"https:\/\/pubeurope.com\/@fr\/115137341680949790","error":""},"_links":{"self":[{"href":"https:\/\/www.europesays.com\/fr\/wp-json\/wp\/v2\/posts\/361942","targetHints":{"allow":["GET"]}}],"collection":[{"href":"https:\/\/www.europesays.com\/fr\/wp-json\/wp\/v2\/posts"}],"about":[{"href":"https:\/\/www.europesays.com\/fr\/wp-json\/wp\/v2\/types\/post"}],"author":[{"embeddable":true,"href":"https:\/\/www.europesays.com\/fr\/wp-json\/wp\/v2\/users\/2"}],"replies":[{"embeddable":true,"href":"https:\/\/www.europesays.com\/fr\/wp-json\/wp\/v2\/comments?post=361942"}],"version-history":[{"count":0,"href":"https:\/\/www.europesays.com\/fr\/wp-json\/wp\/v2\/posts\/361942\/revisions"}],"wp:featuredmedia":[{"embeddable":true,"href":"https:\/\/www.europesays.com\/fr\/wp-json\/wp\/v2\/media\/361943"}],"wp:attachment":[{"href":"https:\/\/www.europesays.com\/fr\/wp-json\/wp\/v2\/media?parent=361942"}],"wp:term":[{"taxonomy":"category","embeddable":true,"href":"https:\/\/www.europesays.com\/fr\/wp-json\/wp\/v2\/categories?post=361942"},{"taxonomy":"post_tag","embeddable":true,"href":"https:\/\/www.europesays.com\/fr\/wp-json\/wp\/v2\/tags?post=361942"}],"curies":[{"name":"wp","href":"https:\/\/api.w.org\/{rel}","templated":true}]}}