{"id":361944,"date":"2025-09-02T23:39:09","date_gmt":"2025-09-02T23:39:09","guid":{"rendered":"https:\/\/www.europesays.com\/fr\/361944\/"},"modified":"2025-09-02T23:39:09","modified_gmt":"2025-09-02T23:39:09","slug":"previsions-du-mercredi-3-septembre-2025","status":"publish","type":"post","link":"https:\/\/www.europesays.com\/fr\/361944\/","title":{"rendered":"pr\u00e9visions du mercredi 3 septembre 2025"},"content":{"rendered":"<p>Montpellier va conna\u00eetre une splendide journ\u00e9e tr\u00e8s ensoleill\u00e9e. Il fera 22\u00b0C en moyenne. Le matin, on pr\u00e9voit des temp\u00e9ratures d&rsquo;environ 22\u00b0C. Un vent de nord-ouest soufflera un peu, avec 8 km\/h. Les valeurs seront de 23\u00b0C au plus bas et de 25\u00b0C au plus haut l&rsquo;apr\u00e8s-midi. On passera de mercredi \u00e0 jeudi par une nuit claire.<\/p>\n<p>Demain, Montpellier devra encore attendre avant que les nuages ne se dissipent. Il va faire en moyenne 22\u00b0C. Une modeste brise de nord-est sera ressentie par les habitants. La matin\u00e9e va rester voil\u00e9e \u00e0 cause de nuages qui se maintiennent dans le ciel. Des pluies \u00e9parses sont pr\u00e9vues. On observera la pr\u00e9sence persistante de nuages demain apr\u00e8s-midi. On s&rsquo;attend \u00e0 des orages de faible intensit\u00e9. Les temp\u00e9ratures seront comprises entre 22 et 24\u00b0C. Le ciel va l\u00e9g\u00e8rement se d\u00e9gager dans la soir\u00e9e avec des \u00e9claircies. Le thermom\u00e8tre affichera 21\u00b0C en moyenne.<\/p>\n<p>Les conditions m\u00e9t\u00e9orologiques des jours suivants vont s&rsquo;am\u00e9liorer. Un ciel ensoleill\u00e9, avec des temp\u00e9ratures de 26\u00b0C environ, est attendu.<\/p>\n<p><\/p>\n","protected":false},"excerpt":{"rendered":"Montpellier va conna\u00eetre une splendide journ\u00e9e tr\u00e8s ensoleill\u00e9e. Il fera 22\u00b0C en moyenne. Le matin, on pr\u00e9voit des&hellip;\n","protected":false},"author":2,"featured_media":361945,"comment_status":"","ping_status":"","sticky":false,"template":"","format":"standard","meta":{"footnotes":""},"categories":[9599],"tags":[1111,11,1777,674,1011,27,7089,2681,2208,12,2680,2119,25],"class_list":{"0":"post-361944","1":"post","2":"type-post","3":"status-publish","4":"format-standard","5":"has-post-thumbnail","7":"category-montpellier","8":"tag-actu","9":"tag-actualites","10":"tag-eu","11":"tag-europe","12":"tag-fr","13":"tag-france","14":"tag-herault","15":"tag-languedoc-roussillon","16":"tag-montpellier","17":"tag-news","18":"tag-occitanie","19":"tag-previsions-meteo","20":"tag-republique-francaise"},"share_on_mastodon":{"url":"https:\/\/pubeurope.com\/@fr\/115137345187120719","error":""},"_links":{"self":[{"href":"https:\/\/www.europesays.com\/fr\/wp-json\/wp\/v2\/posts\/361944","targetHints":{"allow":["GET"]}}],"collection":[{"href":"https:\/\/www.europesays.com\/fr\/wp-json\/wp\/v2\/posts"}],"about":[{"href":"https:\/\/www.europesays.com\/fr\/wp-json\/wp\/v2\/types\/post"}],"author":[{"embeddable":true,"href":"https:\/\/www.europesays.com\/fr\/wp-json\/wp\/v2\/users\/2"}],"replies":[{"embeddable":true,"href":"https:\/\/www.europesays.com\/fr\/wp-json\/wp\/v2\/comments?post=361944"}],"version-history":[{"count":0,"href":"https:\/\/www.europesays.com\/fr\/wp-json\/wp\/v2\/posts\/361944\/revisions"}],"wp:featuredmedia":[{"embeddable":true,"href":"https:\/\/www.europesays.com\/fr\/wp-json\/wp\/v2\/media\/361945"}],"wp:attachment":[{"href":"https:\/\/www.europesays.com\/fr\/wp-json\/wp\/v2\/media?parent=361944"}],"wp:term":[{"taxonomy":"category","embeddable":true,"href":"https:\/\/www.europesays.com\/fr\/wp-json\/wp\/v2\/categories?post=361944"},{"taxonomy":"post_tag","embeddable":true,"href":"https:\/\/www.europesays.com\/fr\/wp-json\/wp\/v2\/tags?post=361944"}],"curies":[{"name":"wp","href":"https:\/\/api.w.org\/{rel}","templated":true}]}}