{"id":361946,"date":"2025-09-02T23:40:13","date_gmt":"2025-09-02T23:40:13","guid":{"rendered":"https:\/\/www.europesays.com\/fr\/361946\/"},"modified":"2025-09-02T23:40:13","modified_gmt":"2025-09-02T23:40:13","slug":"mhsc-lattaquant-tanguy-coulibaly-quitte-a-son-tour-montpellier-pour-le-club-turc-de-samsunspor","status":"publish","type":"post","link":"https:\/\/www.europesays.com\/fr\/361946\/","title":{"rendered":"MHSC\u00a0: L\u2019attaquant Tanguy Coulibaly quitte \u00e0 son tour Montpellier pour le club turc de Samsunspor."},"content":{"rendered":"<p>\n                                                                L\u2019attaquant montpelli\u00e9rain s\u2019est engag\u00e9, mardi 2\u00a0septembre, \u00e0 Samsunspor, club de premi\u00e8re division turque, apr\u00e8s une saison sans relief dans l\u2019H\u00e9rault.\n                            <\/p>\n<p>Quand le mercato des cinq grands championnats est clos, les transferts continuent. L\u2019attaquant Tanguy Coulibaly (24 ans), dans le viseur de plusieurs clubs, finit par quitter Montpellier un an avant le terme de son contrat pour rejoindre le club turc de Samsunspor.<\/p>\n<p>Apr\u00e8s une saison et demie sans \u00e9clat, le Parisien, form\u00e9 au Paris SG, rebondit sur les bords de la mer noire, non loin de Rize o\u00f9 le d\u00e9fenseur Modibo Sagnan a \u00e9t\u00e9 pr\u00eat\u00e9.\u00a0Apr\u00e8s l\u2019Allemagne, apr\u00e8s la France, le voil\u00e0 en Turquie. L\u2019attaquant fran\u00e7ais s\u2019appr\u00eate \u00e0 d\u00e9couvrir la SuperLig, championnat de premi\u00e8re division turque domin\u00e9e par les clubs stambouliotes de Galatassaray, Fenerbah\u00e7e\u2026<\/p>\n<p>18e joueur \u00e0 partir<\/p>\n<p>Coulibay, 18e joueur \u00e0 quitter l\u2019H\u00e9rault cet \u00e9t\u00e9, atterrit \u00e0 Samsunspor, revenu au plus haut niveau en 2023 et sur la pente ascendante. Class\u00e9 sur le podium, l\u2019an pass\u00e9, il va participer \u00e0 la Ligue conf\u00e9rence et croiser notamment Mayence, et l\u2019ex-Montpelli\u00e9rain Arnaud Nordin.<\/p>\n<\/p>\n<p>                    <img decoding=\"async\" class=\"responsive-img\" src=\"https:\/\/www.europesays.com\/fr\/wp-content\/uploads\/2025\/09\/1756856413_597_hqdefault.jpg\"\/><br \/>\n                <a class=\"stretched-link\" href=\"#paywall\" rel=\"js-anchor\"><\/p>\n<p>        <\/a><\/p>\n<p>Le Titi parisien esp\u00e8re y\u00a0exprimer son talent instinctif, fait de dribbles, courses et manque d\u2019efficacit\u00e9.\u00a0Pendant un an et demi, il\u00a0a disput\u00e9 45 matchs de championnat (5 buts), le plus souvent comme joker (17 entr\u00e9es en jeu). Cet ailier \u00e9tait arriv\u00e9 en d\u00e9cembre\u00a02023 pour renforcer l\u2019attaque montpelli\u00e9raine apr\u00e8s six mois sans jouer et la fin de son contrat \u00e0 Stuttgart.<\/p>\n<p>Sishuba en compensation\u00a0?<\/p>\n<p>Un an plus tard, il avait \u00e9t\u00e9 plac\u00e9 sur la liste des transferts avant de b\u00e9n\u00e9ficier d\u2019une chance par d\u00e9faut suite aux d\u00e9parts conjugu\u00e9s de Mousa Tamari (Rennes) et\u00a0Nordin (Mayence).<\/p>\n<p>Lundi, avant la cl\u00f4ture du mercato, Montpellier a recrut\u00e9 le jeune Belge de Rennes\u00a0: Ayanda Sishuba, pr\u00eat\u00e9\u00a0sans option d\u2019achat pour une saison.\u00a0L\u2019arriv\u00e9e du jeune rennais (20 ans) compense-t-elle le d\u00e9part de Coulibaly ou Montpellier va-t-il engager un nouvel ailier, habile dans les espaces, sous la forme d\u2019un joker et d\u2019un joueur fran\u00e7ais libre\u00a0? Le mercato est sans fin.<\/p>\n","protected":false},"excerpt":{"rendered":"L\u2019attaquant montpelli\u00e9rain s\u2019est engag\u00e9, mardi 2\u00a0septembre, \u00e0 Samsunspor, club de premi\u00e8re division turque, apr\u00e8s une saison sans relief&hellip;\n","protected":false},"author":2,"featured_media":361947,"comment_status":"","ping_status":"","sticky":false,"template":"","format":"standard","meta":{"footnotes":""},"categories":[9599],"tags":[1111,11,1777,674,1011,27,2208,12,2680,25],"class_list":{"0":"post-361946","1":"post","2":"type-post","3":"status-publish","4":"format-standard","5":"has-post-thumbnail","7":"category-montpellier","8":"tag-actu","9":"tag-actualites","10":"tag-eu","11":"tag-europe","12":"tag-fr","13":"tag-france","14":"tag-montpellier","15":"tag-news","16":"tag-occitanie","17":"tag-republique-francaise"},"share_on_mastodon":{"url":"https:\/\/pubeurope.com\/@fr\/115137349211569346","error":""},"_links":{"self":[{"href":"https:\/\/www.europesays.com\/fr\/wp-json\/wp\/v2\/posts\/361946","targetHints":{"allow":["GET"]}}],"collection":[{"href":"https:\/\/www.europesays.com\/fr\/wp-json\/wp\/v2\/posts"}],"about":[{"href":"https:\/\/www.europesays.com\/fr\/wp-json\/wp\/v2\/types\/post"}],"author":[{"embeddable":true,"href":"https:\/\/www.europesays.com\/fr\/wp-json\/wp\/v2\/users\/2"}],"replies":[{"embeddable":true,"href":"https:\/\/www.europesays.com\/fr\/wp-json\/wp\/v2\/comments?post=361946"}],"version-history":[{"count":0,"href":"https:\/\/www.europesays.com\/fr\/wp-json\/wp\/v2\/posts\/361946\/revisions"}],"wp:featuredmedia":[{"embeddable":true,"href":"https:\/\/www.europesays.com\/fr\/wp-json\/wp\/v2\/media\/361947"}],"wp:attachment":[{"href":"https:\/\/www.europesays.com\/fr\/wp-json\/wp\/v2\/media?parent=361946"}],"wp:term":[{"taxonomy":"category","embeddable":true,"href":"https:\/\/www.europesays.com\/fr\/wp-json\/wp\/v2\/categories?post=361946"},{"taxonomy":"post_tag","embeddable":true,"href":"https:\/\/www.europesays.com\/fr\/wp-json\/wp\/v2\/tags?post=361946"}],"curies":[{"name":"wp","href":"https:\/\/api.w.org\/{rel}","templated":true}]}}