{"id":361948,"date":"2025-09-02T23:42:18","date_gmt":"2025-09-02T23:42:18","guid":{"rendered":"https:\/\/www.europesays.com\/fr\/361948\/"},"modified":"2025-09-02T23:42:18","modified_gmt":"2025-09-02T23:42:18","slug":"le-conducteur-etait-ivre-et-en-possession-de-resine-de-cannabis","status":"publish","type":"post","link":"https:\/\/www.europesays.com\/fr\/361948\/","title":{"rendered":"le conducteur \u00e9tait ivre et en possession de r\u00e9sine de cannabis"},"content":{"rendered":"<p>\t\t\t\t\t Il est autour de 4 heures ce matin du 2 septembre, lorsque les policiers mettent en place un contr\u00f4le routier sur l\u2019avenue Jean-Rondeaux \u00e0 Rouen. Ils rep\u00e8rent un v\u00e9hicule venant du pont Guillaume-le-Conqu\u00e9rant zigzaguant sur la chauss\u00e9e et changeant de voie \u00e0 plusieurs reprises. <\/p>\n<p>\u00c0 l\u2019arr\u00eat, l\u2019automobiliste, \u00e2g\u00e9 de 37 ans, est soumis \u00e0 un d\u00e9pistage d\u2019alcool\u00e9mie, qui se r\u00e9v\u00e8le positif. Mais ce n\u2019est pas tout : \u00e0 ses pieds, les policiers d\u00e9couvrent un morceau de r\u00e9sine de cannabis brun\u00e2tre et deux cigarettes roul\u00e9es de mani\u00e8re artisanale.\n\t\t\t\t <\/p>\n","protected":false},"excerpt":{"rendered":"Il est autour de 4 heures ce matin du 2 septembre, lorsque les policiers mettent en place un&hellip;\n","protected":false},"author":2,"featured_media":361949,"comment_status":"","ping_status":"","sticky":false,"template":"","format":"standard","meta":{"footnotes":""},"categories":[9587],"tags":[1111,11,1777,674,1011,27,1934,12,5161,25,9590,5163],"class_list":{"0":"post-361948","1":"post","2":"type-post","3":"status-publish","4":"format-standard","5":"has-post-thumbnail","7":"category-rouen","8":"tag-actu","9":"tag-actualites","10":"tag-eu","11":"tag-europe","12":"tag-fr","13":"tag-france","14":"tag-infos-locales","15":"tag-news","16":"tag-normandie","17":"tag-republique-francaise","18":"tag-rouen","19":"tag-seine-maritime"},"share_on_mastodon":{"url":"https:\/\/pubeurope.com\/@fr\/115137356963206734","error":""},"_links":{"self":[{"href":"https:\/\/www.europesays.com\/fr\/wp-json\/wp\/v2\/posts\/361948","targetHints":{"allow":["GET"]}}],"collection":[{"href":"https:\/\/www.europesays.com\/fr\/wp-json\/wp\/v2\/posts"}],"about":[{"href":"https:\/\/www.europesays.com\/fr\/wp-json\/wp\/v2\/types\/post"}],"author":[{"embeddable":true,"href":"https:\/\/www.europesays.com\/fr\/wp-json\/wp\/v2\/users\/2"}],"replies":[{"embeddable":true,"href":"https:\/\/www.europesays.com\/fr\/wp-json\/wp\/v2\/comments?post=361948"}],"version-history":[{"count":0,"href":"https:\/\/www.europesays.com\/fr\/wp-json\/wp\/v2\/posts\/361948\/revisions"}],"wp:featuredmedia":[{"embeddable":true,"href":"https:\/\/www.europesays.com\/fr\/wp-json\/wp\/v2\/media\/361949"}],"wp:attachment":[{"href":"https:\/\/www.europesays.com\/fr\/wp-json\/wp\/v2\/media?parent=361948"}],"wp:term":[{"taxonomy":"category","embeddable":true,"href":"https:\/\/www.europesays.com\/fr\/wp-json\/wp\/v2\/categories?post=361948"},{"taxonomy":"post_tag","embeddable":true,"href":"https:\/\/www.europesays.com\/fr\/wp-json\/wp\/v2\/tags?post=361948"}],"curies":[{"name":"wp","href":"https:\/\/api.w.org\/{rel}","templated":true}]}}