{"id":361950,"date":"2025-09-02T23:45:12","date_gmt":"2025-09-02T23:45:12","guid":{"rendered":"https:\/\/www.europesays.com\/fr\/361950\/"},"modified":"2025-09-02T23:45:12","modified_gmt":"2025-09-02T23:45:12","slug":"un-boulanger-grievement-blesse-par-deux-coups-de-couteau","status":"publish","type":"post","link":"https:\/\/www.europesays.com\/fr\/361950\/","title":{"rendered":"un boulanger gri\u00e8vement bless\u00e9 par deux coups de couteau"},"content":{"rendered":"<p>Une altercation aurait \u00e9clat\u00e9, vers 4h30 du matin, entre le commer\u00e7ant et trois hommes qui voulaient \u00eatre servis. Une enqu\u00eate a \u00e9t\u00e9 ouverte pour tentative de meurtre en r\u00e9union.<\/p>\n<p class=\"fig-paragraph\">Un boulanger de 26 ans a re\u00e7u deux coups de couteau au niveau du thorax ce lundi vers 4h30 du matin, \u00e0\u00a0<a href=\"https:\/\/www.lefigaro.fr\/tag\/grenoble\" target=\"_blank\" rel=\"noopener nofollow\" data-gtm-custom-categorie=\"navigation\" data-gtm-custom-action=\"crossclick\" data-gtm-custom-label=\"Contextuel\" data-gtm-event=\"customEventSPE\">Grenoble,<\/a>\u00a0apr\u00e8s une altercation avec trois individus devant le commerce o\u00f9 il travaille, situ\u00e9 rue Amp\u00e8re, a appris Le Figaro de sources concordantes.<\/p>\n<p class=\"fig-paragraph\">Le boulanger a \u00e9t\u00e9 transport\u00e9 au centre hospitalier de Grenoble. Son pronostic vital \u00e9tait dans un premier temps engag\u00e9 mais il est d\u00e9sormais hors de danger. Son audition \u00e9tait en cours ce lundi vers 16 heures.<\/p>\n<p>                                    <a class=\"fig-a11y-skip a11y-hidden\" href=\"#fig-a11y-skip-main-inarticle\"><br \/>\n        Passer la publicit\u00e9<br \/>\n    <\/a><\/p>\n<p class=\"fig-paragraph\">Selon les premiers \u00e9l\u00e9ments de l\u2019enqu\u00eate, qui restent \u00e0 confirmer, trois individus auraient vu de la lumi\u00e8re dans la boulangerie et auraient demand\u00e9 \u00e0 \u00eatre servis. Le commer\u00e7ant leur aurait r\u00e9pondu que le magasin n\u2019\u00e9tait pas encore ouvert et qu\u2019il fallait revenir plus tard.<\/p>\n<p class=\"fig-paragraph\">Devant le refus du salari\u00e9, ces personnes ont pris des miches de pain, \u00abengageant une r\u00e9action du salari\u00e9 qui s\u2019est empar\u00e9 de sa pelle \u00e0 pain et est sorti de la boutique pour essayer de les dissuader de voler\u00bb, selon le procureur de Grenoble, \u00c9tienne Manteaux. Le boulanger a \u00e9t\u00e9 \u00abceintur\u00e9, frapp\u00e9\u00bb avec une arme blanche par ses assaillants qui ont ensuite pris la fuite avec le pain. Le jeune homme n\u2019a \u00abpas vu de couteau\u00bb lors de son agression mais il a r\u00e9alis\u00e9 qu\u2019il avait une blessure au thorax et une autre au ventre \u00e0 son retour \u00e0 la boulangerie, selon le procureur.<\/p>\n<p class=\"fig-paragraph\">Les suspects sont toujours recherch\u00e9s. Une enqu\u00eate a \u00e9t\u00e9 ouverte pour tentative de meurtre en r\u00e9union, nous indique le procureur de la R\u00e9publique de Grenoble, \u00c9tienne Manteaux.<\/p>\n","protected":false},"excerpt":{"rendered":"Une altercation aurait \u00e9clat\u00e9, vers 4h30 du matin, entre le commer\u00e7ant et trois hommes qui voulaient \u00eatre servis.&hellip;\n","protected":false},"author":2,"featured_media":361951,"comment_status":"","ping_status":"","sticky":false,"template":"","format":"standard","meta":{"footnotes":""},"categories":[9566],"tags":[1111,11,9405,2430,1777,674,1011,27,2731,12,25,5118],"class_list":{"0":"post-361950","1":"post","2":"type-post","3":"status-publish","4":"format-standard","5":"has-post-thumbnail","7":"category-grenoble","8":"tag-actu","9":"tag-actualites","10":"tag-arme-blanche","11":"tag-auvergne-rhone-alpes","12":"tag-eu","13":"tag-europe","14":"tag-fr","15":"tag-france","16":"tag-grenoble","17":"tag-news","18":"tag-republique-francaise","19":"tag-tentative-de-meurtre"},"share_on_mastodon":{"url":"https:\/\/pubeurope.com\/@fr\/115137368773227535","error":""},"_links":{"self":[{"href":"https:\/\/www.europesays.com\/fr\/wp-json\/wp\/v2\/posts\/361950","targetHints":{"allow":["GET"]}}],"collection":[{"href":"https:\/\/www.europesays.com\/fr\/wp-json\/wp\/v2\/posts"}],"about":[{"href":"https:\/\/www.europesays.com\/fr\/wp-json\/wp\/v2\/types\/post"}],"author":[{"embeddable":true,"href":"https:\/\/www.europesays.com\/fr\/wp-json\/wp\/v2\/users\/2"}],"replies":[{"embeddable":true,"href":"https:\/\/www.europesays.com\/fr\/wp-json\/wp\/v2\/comments?post=361950"}],"version-history":[{"count":0,"href":"https:\/\/www.europesays.com\/fr\/wp-json\/wp\/v2\/posts\/361950\/revisions"}],"wp:featuredmedia":[{"embeddable":true,"href":"https:\/\/www.europesays.com\/fr\/wp-json\/wp\/v2\/media\/361951"}],"wp:attachment":[{"href":"https:\/\/www.europesays.com\/fr\/wp-json\/wp\/v2\/media?parent=361950"}],"wp:term":[{"taxonomy":"category","embeddable":true,"href":"https:\/\/www.europesays.com\/fr\/wp-json\/wp\/v2\/categories?post=361950"},{"taxonomy":"post_tag","embeddable":true,"href":"https:\/\/www.europesays.com\/fr\/wp-json\/wp\/v2\/tags?post=361950"}],"curies":[{"name":"wp","href":"https:\/\/api.w.org\/{rel}","templated":true}]}}