{"id":361952,"date":"2025-09-02T23:46:13","date_gmt":"2025-09-02T23:46:13","guid":{"rendered":"https:\/\/www.europesays.com\/fr\/361952\/"},"modified":"2025-09-02T23:46:13","modified_gmt":"2025-09-02T23:46:13","slug":"previsions-du-mercredi-3-septembre-2025-2","status":"publish","type":"post","link":"https:\/\/www.europesays.com\/fr\/361952\/","title":{"rendered":"pr\u00e9visions du mercredi 3 septembre 2025"},"content":{"rendered":"<p>Aujourd&rsquo;hui, \u00e0 Rennes, des nuages ne voudront pas c\u00e9der leur place au soleil. Les maximales atteindront les 22\u00b0C alors que les minimales seront de 13\u00b0C. Un vent de sud-ouest soufflera \u00e0 31 km\/h. Des averses tomberont le matin. Les temp\u00e9ratures seront de 20\u00b0C. Un vent de sud-ouest soufflera \u00e0 41 km\/h. Dans l&rsquo;apr\u00e8s-midi, des pluies \u00e9parses sont pr\u00e9vues. Les temp\u00e9ratures afficheront entre 21\u00b0C et 22\u00b0C. Les valeurs seront de 17\u00b0C au cours de la soir\u00e9e. Durant la nuit de mercredi \u00e0 jeudi, le ciel sera pluvieux.<\/p>\n<p>Encore de la grisaille demain. Les nuages vont s&rsquo;attarder sur Rennes. Des pluies \u00e9parses vont tomber sur la ville. Une chute des temp\u00e9ratures est \u00e0 pr\u00e9voir. Il va faire 16\u00b0C en moyenne. Un vent de sud-ouest rafra\u00eechira quelque peu l&rsquo;atmosph\u00e8re. La matin\u00e9e va rester grise \u00e0 cause de nuages qui persistent dans le ciel. La grisaille ne se disperse toujours pas, il y aura encore des nuages demain apr\u00e8s-midi. Les temp\u00e9ratures s&rsquo;\u00e9chelonneront de 18 \u00e0 20\u00b0C. Des \u00e9claircies sont attendues : on passera une soir\u00e9e cl\u00e9mente. Il fera environ 14\u00b0C.<\/p>\n<p>Une am\u00e9lioration est pr\u00e9vue les jours qui suivent. Il fera 25\u00b0C en moyenne pour des journ\u00e9es avec un ciel ensoleill\u00e9.<\/p>\n<p><\/p>\n","protected":false},"excerpt":{"rendered":"Aujourd&rsquo;hui, \u00e0 Rennes, des nuages ne voudront pas c\u00e9der leur place au soleil. Les maximales atteindront les 22\u00b0C&hellip;\n","protected":false},"author":2,"featured_media":361953,"comment_status":"","ping_status":"","sticky":false,"template":"","format":"standard","meta":{"footnotes":""},"categories":[2821],"tags":[1111,11,829,1777,674,1011,27,848,12,2119,584,25],"class_list":{"0":"post-361952","1":"post","2":"type-post","3":"status-publish","4":"format-standard","5":"has-post-thumbnail","7":"category-rennes","8":"tag-actu","9":"tag-actualites","10":"tag-bretagne","11":"tag-eu","12":"tag-europe","13":"tag-fr","14":"tag-france","15":"tag-ille-et-vilaine","16":"tag-news","17":"tag-previsions-meteo","18":"tag-rennes","19":"tag-republique-francaise"},"share_on_mastodon":{"url":"https:\/\/pubeurope.com\/@fr\/115137372782447980","error":""},"_links":{"self":[{"href":"https:\/\/www.europesays.com\/fr\/wp-json\/wp\/v2\/posts\/361952","targetHints":{"allow":["GET"]}}],"collection":[{"href":"https:\/\/www.europesays.com\/fr\/wp-json\/wp\/v2\/posts"}],"about":[{"href":"https:\/\/www.europesays.com\/fr\/wp-json\/wp\/v2\/types\/post"}],"author":[{"embeddable":true,"href":"https:\/\/www.europesays.com\/fr\/wp-json\/wp\/v2\/users\/2"}],"replies":[{"embeddable":true,"href":"https:\/\/www.europesays.com\/fr\/wp-json\/wp\/v2\/comments?post=361952"}],"version-history":[{"count":0,"href":"https:\/\/www.europesays.com\/fr\/wp-json\/wp\/v2\/posts\/361952\/revisions"}],"wp:featuredmedia":[{"embeddable":true,"href":"https:\/\/www.europesays.com\/fr\/wp-json\/wp\/v2\/media\/361953"}],"wp:attachment":[{"href":"https:\/\/www.europesays.com\/fr\/wp-json\/wp\/v2\/media?parent=361952"}],"wp:term":[{"taxonomy":"category","embeddable":true,"href":"https:\/\/www.europesays.com\/fr\/wp-json\/wp\/v2\/categories?post=361952"},{"taxonomy":"post_tag","embeddable":true,"href":"https:\/\/www.europesays.com\/fr\/wp-json\/wp\/v2\/tags?post=361952"}],"curies":[{"name":"wp","href":"https:\/\/api.w.org\/{rel}","templated":true}]}}