{"id":361955,"date":"2025-09-02T23:48:13","date_gmt":"2025-09-02T23:48:13","guid":{"rendered":"https:\/\/www.europesays.com\/fr\/361955\/"},"modified":"2025-09-02T23:48:13","modified_gmt":"2025-09-02T23:48:13","slug":"previsions-du-mercredi-3-septembre-2025-3","status":"publish","type":"post","link":"https:\/\/www.europesays.com\/fr\/361955\/","title":{"rendered":"pr\u00e9visions du mercredi 3 septembre 2025"},"content":{"rendered":"<p>\u00c0 Strasbourg, les valeurs avoisineront les 20\u00b0C dans la journ\u00e9e. Un vent de sud soufflera doucement. Le matin, le beau temps va progressivement se substituer aux nuages. Le thermom\u00e8tre affichera 19\u00b0C en moyenne. L&rsquo;apr\u00e8s-midi qui s&rsquo;annonce, promet d&rsquo;\u00eatre beau et ensoleill\u00e9 ! C&rsquo;est une hausse de plusieurs degr\u00e9s que vont enregistrer les temp\u00e9ratures. Ces valeurs seront comprises entre 23 et 25\u00b0C. C&rsquo;est un ciel limpide que conna\u00eetra la nuit de mercredi \u00e0 jeudi.<\/p>\n<p>Les nuages \u00e0 pr\u00e9voir demain, \u00e0 Strasbourg, et un ciel encore maussade. Une baisse des temp\u00e9ratures est attendue. Les valeurs afficheront entre 15 et 23\u00b0C. C&rsquo;est \u00e0 un ciel couvert de nuages qu&rsquo;il faudra s&rsquo;attendre le matin. Des pluies \u00e9parses vont tomber. On pr\u00e9voit des temp\u00e9ratures d&rsquo;environ 20\u00b0C. Un vent de sud-ouest soufflera un peu, avec 7 km\/h. On notera la pr\u00e9sence persistante de nuages demain apr\u00e8s-midi. Intemp\u00e9ries : on pr\u00e9voit de la pluie. Les valeurs s&rsquo;\u00e9chelonneront de 16 \u00e0 23\u00b0C. Toujours de la grisaille demain soir. Les nuages vont stationner. De la pluie est pr\u00e9vue. Il fera 16\u00b0C en moyenne. Une l\u00e9g\u00e8re brise de sud soufflera.<\/p>\n<p>Les conditions m\u00e9t\u00e9orologiques des jours qui suivent vont changer peu \u00e0 peu. Apr\u00e8s des conditions m\u00e9t\u00e9orologiques similaires vendredi, la situation changera samedi.<\/p>\n<p><\/p>\n","protected":false},"excerpt":{"rendered":"\u00c0 Strasbourg, les valeurs avoisineront les 20\u00b0C dans la journ\u00e9e. Un vent de sud soufflera doucement. Le matin,&hellip;\n","protected":false},"author":2,"featured_media":361956,"comment_status":"","ping_status":"","sticky":false,"template":"","format":"standard","meta":{"footnotes":""},"categories":[2820],"tags":[1111,11,2389,2649,1777,674,1011,27,775,12,2119,25,640],"class_list":{"0":"post-361955","1":"post","2":"type-post","3":"status-publish","4":"format-standard","5":"has-post-thumbnail","7":"category-strasbourg","8":"tag-actu","9":"tag-actualites","10":"tag-alsace","11":"tag-bas-rhin","12":"tag-eu","13":"tag-europe","14":"tag-fr","15":"tag-france","16":"tag-grand-est","17":"tag-news","18":"tag-previsions-meteo","19":"tag-republique-francaise","20":"tag-strasbourg"},"share_on_mastodon":{"url":"https:\/\/pubeurope.com\/@fr\/115137380603425498","error":""},"_links":{"self":[{"href":"https:\/\/www.europesays.com\/fr\/wp-json\/wp\/v2\/posts\/361955","targetHints":{"allow":["GET"]}}],"collection":[{"href":"https:\/\/www.europesays.com\/fr\/wp-json\/wp\/v2\/posts"}],"about":[{"href":"https:\/\/www.europesays.com\/fr\/wp-json\/wp\/v2\/types\/post"}],"author":[{"embeddable":true,"href":"https:\/\/www.europesays.com\/fr\/wp-json\/wp\/v2\/users\/2"}],"replies":[{"embeddable":true,"href":"https:\/\/www.europesays.com\/fr\/wp-json\/wp\/v2\/comments?post=361955"}],"version-history":[{"count":0,"href":"https:\/\/www.europesays.com\/fr\/wp-json\/wp\/v2\/posts\/361955\/revisions"}],"wp:featuredmedia":[{"embeddable":true,"href":"https:\/\/www.europesays.com\/fr\/wp-json\/wp\/v2\/media\/361956"}],"wp:attachment":[{"href":"https:\/\/www.europesays.com\/fr\/wp-json\/wp\/v2\/media?parent=361955"}],"wp:term":[{"taxonomy":"category","embeddable":true,"href":"https:\/\/www.europesays.com\/fr\/wp-json\/wp\/v2\/categories?post=361955"},{"taxonomy":"post_tag","embeddable":true,"href":"https:\/\/www.europesays.com\/fr\/wp-json\/wp\/v2\/tags?post=361955"}],"curies":[{"name":"wp","href":"https:\/\/api.w.org\/{rel}","templated":true}]}}