{"id":361957,"date":"2025-09-02T23:49:17","date_gmt":"2025-09-02T23:49:17","guid":{"rendered":"https:\/\/www.europesays.com\/fr\/361957\/"},"modified":"2025-09-02T23:49:17","modified_gmt":"2025-09-02T23:49:17","slug":"le-match-strasbourg-le-havre-reporte-france-rc-strasbourg","status":"publish","type":"post","link":"https:\/\/www.europesays.com\/fr\/361957\/","title":{"rendered":"Le match Strasbourg-Le Havre report\u00e9 &#8211; France &#8211; RC Strasbourg"},"content":{"rendered":"<p>Bonne nouvelle pour les supporters : toujours pas la peine de poser cong\u00e9.<\/p>\n<p>Dans un communiqu\u00e9 envoy\u00e9 ce mardi soir, la Ligue de football professionnel (LFP) a indiqu\u00e9 que la rencontre <strong>Strasbourg-Le Havre<\/strong>, comptant pour la 4e journ\u00e9e de Ligue 1 et initialement pr\u00e9vue le 13 septembre \u00e0 19 heures, <strong>avait \u00e9t\u00e9 reprogramm\u00e9e<\/strong>.<\/p>\n<p>Celle-ci se jouera finalement le <strong>dimanche 14 septembre \u00e0 17h15<\/strong> et sera donc int\u00e9gr\u00e9e au multiplex de Ligue 1+ de cette tranche horaire, avec Metz-Angers et Brest-Paris FC. <strong>Le match PSG-Lens sera quant \u00e0 lui diffus\u00e9 sur\u00a0Bein Sport<\/strong>, la cha\u00eene qatarienne disposant en effet d\u2019une clause dans son contrat qui l\u2019autorise \u00e0 changer la case d\u2019une affiche dont elle dispose des droits<strong> jusqu\u2019\u00e0 six fois par saison<\/strong>.<\/p>\n<p>Mauvaise nouvelle pour les supporters havrais en revanche : m\u00eame avec ce report, ils ne seront pas rentr\u00e9s \u00e0 la maison pour l\u2019heure du d\u00eener.<\/p>\n<p>\t\t\t\t\t\t\t\t\t\t<a class=\"lien-connexe\" href=\"https:\/\/www.sofoot.com\/articles\/ligue-1-premiere-victoire-pour-le-paris-fc-monaco-douche-strasbourg-nice-encore-battu\" rel=\"nofollow noopener\" target=\"_blank\">Premi\u00e8re victoire pour le Paris FC, Monaco douche Strasbourg, Nice encore battu<\/a>\t\t\t\t\t<\/p>\n","protected":false},"excerpt":{"rendered":"Bonne nouvelle pour les supporters : toujours pas la peine de poser cong\u00e9. Dans un communiqu\u00e9 envoy\u00e9 ce&hellip;\n","protected":false},"author":2,"featured_media":361958,"comment_status":"","ping_status":"","sticky":false,"template":"","format":"standard","meta":{"footnotes":""},"categories":[2820],"tags":[1111,47,11,61,69,65,64,1777,674,63,1011,27,775,68,66,12,62,70,25,67,640],"class_list":{"0":"post-361957","1":"post","2":"type-post","3":"status-publish","4":"format-standard","5":"has-post-thumbnail","7":"category-strasbourg","8":"tag-actu","9":"tag-actualite","10":"tag-actualites","11":"tag-actus-football","12":"tag-bundesliga","13":"tag-championnats-europeens","14":"tag-equipe-de-france","15":"tag-eu","16":"tag-europe","17":"tag-football","18":"tag-fr","19":"tag-france","20":"tag-grand-est","21":"tag-ligua","22":"tag-ligue-1","23":"tag-news","24":"tag-news-foot","25":"tag-premier-league","26":"tag-republique-francaise","27":"tag-serie-a","28":"tag-strasbourg"},"share_on_mastodon":{"url":"https:\/\/pubeurope.com\/@fr\/115137384541236249","error":""},"_links":{"self":[{"href":"https:\/\/www.europesays.com\/fr\/wp-json\/wp\/v2\/posts\/361957","targetHints":{"allow":["GET"]}}],"collection":[{"href":"https:\/\/www.europesays.com\/fr\/wp-json\/wp\/v2\/posts"}],"about":[{"href":"https:\/\/www.europesays.com\/fr\/wp-json\/wp\/v2\/types\/post"}],"author":[{"embeddable":true,"href":"https:\/\/www.europesays.com\/fr\/wp-json\/wp\/v2\/users\/2"}],"replies":[{"embeddable":true,"href":"https:\/\/www.europesays.com\/fr\/wp-json\/wp\/v2\/comments?post=361957"}],"version-history":[{"count":0,"href":"https:\/\/www.europesays.com\/fr\/wp-json\/wp\/v2\/posts\/361957\/revisions"}],"wp:featuredmedia":[{"embeddable":true,"href":"https:\/\/www.europesays.com\/fr\/wp-json\/wp\/v2\/media\/361958"}],"wp:attachment":[{"href":"https:\/\/www.europesays.com\/fr\/wp-json\/wp\/v2\/media?parent=361957"}],"wp:term":[{"taxonomy":"category","embeddable":true,"href":"https:\/\/www.europesays.com\/fr\/wp-json\/wp\/v2\/categories?post=361957"},{"taxonomy":"post_tag","embeddable":true,"href":"https:\/\/www.europesays.com\/fr\/wp-json\/wp\/v2\/tags?post=361957"}],"curies":[{"name":"wp","href":"https:\/\/api.w.org\/{rel}","templated":true}]}}