{"id":361959,"date":"2025-09-02T23:50:11","date_gmt":"2025-09-02T23:50:11","guid":{"rendered":"https:\/\/www.europesays.com\/fr\/361959\/"},"modified":"2025-09-02T23:50:11","modified_gmt":"2025-09-02T23:50:11","slug":"previsions-du-mercredi-3-septembre-2025-4","status":"publish","type":"post","link":"https:\/\/www.europesays.com\/fr\/361959\/","title":{"rendered":"pr\u00e9visions du mercredi 3 septembre 2025"},"content":{"rendered":"<p>Nice aura la chance de pouvoir profiter d&rsquo;une superbe journ\u00e9e ensoleill\u00e9e. Il fera 21\u00b0C en moyenne. Le matin, les temp\u00e9ratures seront comprises entre 19 et 23\u00b0C. Un vent de sud-est soufflera doucement. Les valeurs s&rsquo;\u00e9chelonneront entre 22 et 23\u00b0C pendant l&rsquo;apr\u00e8s-midi. Le soir, on pr\u00e9voit des temp\u00e9ratures d&rsquo;environ 21\u00b0C. Pendant votre sommeil, dans la nuit de mercredi \u00e0 jeudi, le ciel sera clair.<\/p>\n<p>Demain, les Ni\u00e7ois vont pouvoir profiter d&rsquo;un soleil radieux. C&rsquo;est une hausse de quelques degr\u00e9s que vont enregistrer les temp\u00e9ratures. Il va faire en moyenne 22\u00b0C. Les valeurs afficheront entre 20 et 24\u00b0C le matin. Un vent de sud-est soufflera un peu, avec 6 km\/h. Les temp\u00e9ratures seront de 22\u00b0C au plus bas et de 24\u00b0C au maximum l&rsquo;apr\u00e8s-midi. Dans la soir\u00e9e, les temp\u00e9ratures avoisineront les 22\u00b0C. Un vent de sud-ouest rafra\u00eechira sensiblement l&rsquo;atmosph\u00e8re.<\/p>\n<p>Le temps restera stable les prochains jours. Des temp\u00e9ratures dans les 24\u00b0C iront de pair avec un ciel ensoleill\u00e9.<\/p>\n<p><\/p>\n","protected":false},"excerpt":{"rendered":"Nice aura la chance de pouvoir profiter d&rsquo;une superbe journ\u00e9e ensoleill\u00e9e. Il fera 21\u00b0C en moyenne. Le matin,&hellip;\n","protected":false},"author":2,"featured_media":361960,"comment_status":"","ping_status":"","sticky":false,"template":"","format":"standard","meta":{"footnotes":""},"categories":[2819],"tags":[1111,11,2898,1777,674,1011,27,12,2401,883,2119,882,25],"class_list":{"0":"post-361959","1":"post","2":"type-post","3":"status-publish","4":"format-standard","5":"has-post-thumbnail","7":"category-nice","8":"tag-actu","9":"tag-actualites","10":"tag-alpes-maritimes","11":"tag-eu","12":"tag-europe","13":"tag-fr","14":"tag-france","15":"tag-news","16":"tag-nice","17":"tag-paca","18":"tag-previsions-meteo","19":"tag-provence-alpes-cote-dazur","20":"tag-republique-francaise"},"share_on_mastodon":{"url":"https:\/\/pubeurope.com\/@fr\/115137388487405929","error":""},"_links":{"self":[{"href":"https:\/\/www.europesays.com\/fr\/wp-json\/wp\/v2\/posts\/361959","targetHints":{"allow":["GET"]}}],"collection":[{"href":"https:\/\/www.europesays.com\/fr\/wp-json\/wp\/v2\/posts"}],"about":[{"href":"https:\/\/www.europesays.com\/fr\/wp-json\/wp\/v2\/types\/post"}],"author":[{"embeddable":true,"href":"https:\/\/www.europesays.com\/fr\/wp-json\/wp\/v2\/users\/2"}],"replies":[{"embeddable":true,"href":"https:\/\/www.europesays.com\/fr\/wp-json\/wp\/v2\/comments?post=361959"}],"version-history":[{"count":0,"href":"https:\/\/www.europesays.com\/fr\/wp-json\/wp\/v2\/posts\/361959\/revisions"}],"wp:featuredmedia":[{"embeddable":true,"href":"https:\/\/www.europesays.com\/fr\/wp-json\/wp\/v2\/media\/361960"}],"wp:attachment":[{"href":"https:\/\/www.europesays.com\/fr\/wp-json\/wp\/v2\/media?parent=361959"}],"wp:term":[{"taxonomy":"category","embeddable":true,"href":"https:\/\/www.europesays.com\/fr\/wp-json\/wp\/v2\/categories?post=361959"},{"taxonomy":"post_tag","embeddable":true,"href":"https:\/\/www.europesays.com\/fr\/wp-json\/wp\/v2\/tags?post=361959"}],"curies":[{"name":"wp","href":"https:\/\/api.w.org\/{rel}","templated":true}]}}