{"id":361961,"date":"2025-09-02T23:51:10","date_gmt":"2025-09-02T23:51:10","guid":{"rendered":"https:\/\/www.europesays.com\/fr\/361961\/"},"modified":"2025-09-02T23:51:10","modified_gmt":"2025-09-02T23:51:10","slug":"pour-florian-maurice-le-mercato-de-logc-nice-a-ete-difficile-france-ogc-nice","status":"publish","type":"post","link":"https:\/\/www.europesays.com\/fr\/361961\/","title":{"rendered":"Pour Florian Maurice, le mercato de l\u2019OGC Nice a \u00e9t\u00e9 \u00ab\u202fdifficile\u202f\u00bb &#8211; France &#8211; OGC Nice"},"content":{"rendered":"<p>Il n\u2019est s\u00fbrement pas le seul \u00e0 penser \u00e7a.<\/p>\n<p><a target=\"_blank\" href=\"https:\/\/www.lequipe.fr\/Football\/Article\/Florian-maurice-dresse-un-bilan-de-l-ete-de-l-ogc-nice-ce-n-etait-pas-un-mercato-agreable\/1589984\" rel=\"nofollow noopener\">Interview\u00e9 par\u00a0L\u2019Equipe<\/a>, le directeur sportif de l\u2019OGC Nice Florian Maurice est revenu sur le mercato op\u00e9r\u00e9 par son club. Malgr\u00e9 <strong>quelques grosses ventes<\/strong> (<a target=\"_blank\" href=\"https:\/\/www.sofoot.com\/breves\/jean-clair-todibo-definitivement-transfere-a-west-ham\" rel=\"nofollow noopener\">Jean-Clair Todibo \u00e0 West Ham<\/a> pour 40 millions, <a target=\"_blank\" href=\"https:\/\/www.sofoot.com\/breves\/mercato-evann-guessand-sengage-officiellement-avec-aston-villa*\" rel=\"nofollow noopener\">Evann Guessand<\/a> \u00e0 Aston Villa pour 30, Marcin Bulka \u00e0 Neom et Badredine Bouanani \u00e0 Stuttgart pour 15 chacun), les renforts ont \u00e9t\u00e9 timides : <strong>six recrues achet\u00e9es pour un total de 33,5 millions d\u2019euros et deux pr\u00eats.<\/strong><\/p>\n<p>A cela, il faut ajouter <a target=\"_blank\" href=\"https:\/\/www.sofoot.com\/breves\/mercato-lentraineur-de-nice-franck-haise-confirme-les-envies-dailleurs-de-jonathan-clauss\" rel=\"nofollow noopener\">le d\u00e9part avort\u00e9 de Jonathan Clauss<\/a> pour Leverkusen et la signature de <a target=\"_blank\" href=\"https:\/\/www.sofoot.com\/breves\/mahdi-camara-a-rennes-cest-officiel\" rel=\"nofollow noopener\">Mahdi Camara \u00e0 Rennes<\/a>, alors que l\u2019ancien Brestois \u00e9tait annonc\u00e9 du c\u00f4t\u00e9 du Gym. Sans compter <a target=\"_blank\" href=\"https:\/\/www.sofoot.com\/articles\/lassine-sinayoko-parti-pour-rester-a-auxerre-la-fin-dun-drole-de-feuilleton\" rel=\"nofollow noopener\">le feuilleton Lassine Sinayoko<\/a>, finalement rest\u00e9 \u00e0 l\u2019AJ Auxerre. \u00ab\u202fTr\u00e8s honn\u00eatement, ce n\u2019\u00e9tait pas un mercato agr\u00e9able, souffle Maurice. On parle de ces pistes-l\u00e0 mais il y en a eu d\u2019autres qui n\u2019ont pas \u00e9t\u00e9 au bout non plus. Il faut savoir rebondir. On a \u00e9t\u00e9 capables de le faire.\u202f\u00bb<\/p>\n<p>Un d\u00e9but de saison \u00e0 corriger<\/p>\n<p>Sportivement, le d\u00e9but de saison ni\u00e7ois, marqu\u00e9 par <a target=\"_blank\" href=\"https:\/\/www.sofoot.com\/articles\/en-direct-nice-benfica\" rel=\"nofollow noopener\">une \u00e9limination europ\u00e9enne pr\u00e9matur\u00e9e face \u00e0 Benfica<\/a> s\u2019en est ressenti, m\u00eame si, selon Florian Maurice, il est encore trop t\u00f4t pour \u00e9tablir une corr\u00e9lation avec le mercato qui s\u2019ach\u00e8ve : \u00ab\u202f<strong>\u00c7a a \u00e9t\u00e9 un mercato difficile, mais pas que pour Nice.<\/strong> On pourra faire un point plus tard, m\u00eame si je suis en attente de mieux, pas seulement des recrues. On sait tr\u00e8s bien que pour certains joueurs, venus de l\u2019\u00e9tranger notamment, \u00e7a peut prendre un peu de temps. <strong>Les r\u00e9sultats ne sont pas ce qu\u2019on attend.\u202f<\/strong>\u00bb<\/p>\n<p>Le directeur sportif azur\u00e9en assure que la mayonnaise finira par prendre, \u00e0 condition que les joueurs de Franck Haise \u00ab\u202fs\u2019engagent de mani\u00e8re quotidienne. <strong>Je ne dis pas que tout le monde ne s\u2019engage pas, mais on a besoin de r\u00e9animer un petit peu \u00e7a<\/strong>.\u202f\u00bb\u00a0De son c\u00f4t\u00e9, il s\u2019est engag\u00e9 \u00e0 ce que Nice revienne \u00ab\u202f\u00e0 l\u2019\u00e9quilibre\u202f\u00bb :\u00a0\u00ab\u202fParce qu\u2019il y a le fair-play financier, pleins de choses qui doivent entrer en ligne de compte\u2026 Nous, on le fait\u00a0(attention).\u202f\u00bb<\/p>\n<p>En attendant, l\u2019objectif reste le m\u00eame que la saison derni\u00e8re : <a target=\"_blank\" href=\"https:\/\/www.sofoot.com\/articles\/ligue-des-champions-nice-benfica-la-ligue-europa-cest-bien-aussi\" rel=\"nofollow noopener\">l\u2019Europe et avec les moyens du bord<\/a>. Pari tenu !<\/p>\n<p>\t\t\t\t\t\t\t\t\t\t<a class=\"lien-connexe\" href=\"https:\/\/www.sofoot.com\/articles\/ligue-1-premiere-victoire-pour-le-paris-fc-monaco-douche-strasbourg-nice-encore-battu\" rel=\"nofollow noopener\" target=\"_blank\">Premi\u00e8re victoire pour le Paris FC, Monaco douche Strasbourg, Nice encore battu<\/a>\t\t\t\t\t<\/p>\n","protected":false},"excerpt":{"rendered":"Il n\u2019est s\u00fbrement pas le seul \u00e0 penser \u00e7a. Interview\u00e9 par\u00a0L\u2019Equipe, le directeur sportif de l\u2019OGC Nice Florian&hellip;\n","protected":false},"author":2,"featured_media":361962,"comment_status":"","ping_status":"","sticky":false,"template":"","format":"standard","meta":{"footnotes":""},"categories":[2819],"tags":[1111,47,11,61,69,65,64,1777,674,63,1011,27,68,66,12,62,2401,70,882,25,67],"class_list":{"0":"post-361961","1":"post","2":"type-post","3":"status-publish","4":"format-standard","5":"has-post-thumbnail","7":"category-nice","8":"tag-actu","9":"tag-actualite","10":"tag-actualites","11":"tag-actus-football","12":"tag-bundesliga","13":"tag-championnats-europeens","14":"tag-equipe-de-france","15":"tag-eu","16":"tag-europe","17":"tag-football","18":"tag-fr","19":"tag-france","20":"tag-ligua","21":"tag-ligue-1","22":"tag-news","23":"tag-news-foot","24":"tag-nice","25":"tag-premier-league","26":"tag-provence-alpes-cote-dazur","27":"tag-republique-francaise","28":"tag-serie-a"},"share_on_mastodon":{"url":"https:\/\/pubeurope.com\/@fr\/115137392367341064","error":""},"_links":{"self":[{"href":"https:\/\/www.europesays.com\/fr\/wp-json\/wp\/v2\/posts\/361961","targetHints":{"allow":["GET"]}}],"collection":[{"href":"https:\/\/www.europesays.com\/fr\/wp-json\/wp\/v2\/posts"}],"about":[{"href":"https:\/\/www.europesays.com\/fr\/wp-json\/wp\/v2\/types\/post"}],"author":[{"embeddable":true,"href":"https:\/\/www.europesays.com\/fr\/wp-json\/wp\/v2\/users\/2"}],"replies":[{"embeddable":true,"href":"https:\/\/www.europesays.com\/fr\/wp-json\/wp\/v2\/comments?post=361961"}],"version-history":[{"count":0,"href":"https:\/\/www.europesays.com\/fr\/wp-json\/wp\/v2\/posts\/361961\/revisions"}],"wp:featuredmedia":[{"embeddable":true,"href":"https:\/\/www.europesays.com\/fr\/wp-json\/wp\/v2\/media\/361962"}],"wp:attachment":[{"href":"https:\/\/www.europesays.com\/fr\/wp-json\/wp\/v2\/media?parent=361961"}],"wp:term":[{"taxonomy":"category","embeddable":true,"href":"https:\/\/www.europesays.com\/fr\/wp-json\/wp\/v2\/categories?post=361961"},{"taxonomy":"post_tag","embeddable":true,"href":"https:\/\/www.europesays.com\/fr\/wp-json\/wp\/v2\/tags?post=361961"}],"curies":[{"name":"wp","href":"https:\/\/api.w.org\/{rel}","templated":true}]}}