{"id":361965,"date":"2025-09-02T23:53:20","date_gmt":"2025-09-02T23:53:20","guid":{"rendered":"https:\/\/www.europesays.com\/fr\/361965\/"},"modified":"2025-09-02T23:53:20","modified_gmt":"2025-09-02T23:53:20","slug":"enquete-ouverte-apres-un-suicide-a-nantes-en-2024","status":"publish","type":"post","link":"https:\/\/www.europesays.com\/fr\/361965\/","title":{"rendered":"enqu\u00eate ouverte apr\u00e8s un suicide \u00e0 Nantes en 2024"},"content":{"rendered":"<p>Avant de mettre fin \u00e0 ses jours, le quadrag\u00e9naire aurait confi\u00e9 avoir \u00e9t\u00e9 victime de violences sexuelles dans un coll\u00e8ge catholique de Nantes o\u00f9 il \u00e9tait scolaris\u00e9.<\/p>\n<p class=\"fig-paragraph\">Une enqu\u00eate a \u00e9t\u00e9 ouverte apr\u00e8s le suicide d&rsquo;un quadrag\u00e9naire en 2024 ayant confi\u00e9 avoir \u00e9t\u00e9 victime de violences sexuelles dans l&rsquo;\u00e9tablissement catholique Saint-Stanislas\u00a0<a href=\"http:\/\/www.lefigaro.fr\/nantes\/qui-est-foulques-chombart-de-lauwe-nouveau-champion-de-la-droite-a-nantes-20250901\" data-fig-type=\"NewsFlash\" data-gtm-custom-categorie=\"navigation\" data-gtm-custom-action=\"crossclick\" data-gtm-custom-label=\"Contextuel\" data-gtm-event=\"customEventSPE\" data-fig-domain=\"LEFIGARO\" rel=\"nofollow noopener\" target=\"_blank\">de Nantes<\/a>, a-t-on appris mardi aupr\u00e8s du parquet de la ville.<\/p>\n<p class=\"fig-paragraph\">\u00abLe parquet de Nantes a \u00e9t\u00e9 effectivement rendu destinataire d&rsquo;un courrier adress\u00e9 au directeur de l&rsquo;enseignement catholique de Nantes, qui me l&rsquo;a transmis, et \u00e9manant de la famille d&rsquo;un homme de 46 ans qui s&rsquo;est donn\u00e9 la mort\u00bb en 2024, a indiqu\u00e9 Antoine Leroy, procureur de la R\u00e9publique de Nantes.<\/p>\n<p>                                    <a class=\"fig-a11y-skip a11y-hidden\" href=\"#fig-a11y-skip-main-inarticle\"><br \/>\n        Passer la publicit\u00e9<br \/>\n    <\/a><\/p>\n<p class=\"fig-paragraph\">Cet homme avait indiqu\u00e9 avant son suicide avoir \u00ab\u00e9t\u00e9 victime d&rsquo;infractions \u00e0 caract\u00e8re sexuel commises par un surveillant lorsqu&rsquo;il \u00e9tait interne au coll\u00e8ge Saint-Stanislas de Nantes\u00bb, selon le magistrat, confirmant une information de Ouest-France. L&rsquo;enqu\u00eate a \u00e9t\u00e9 confi\u00e9e aux services du commissariat de police de Nantes.<\/p>\n<p>5 pr\u00eatres d\u00e9c\u00e9d\u00e9s mis en cause<\/p>\n<p class=\"fig-paragraph\">Vendredi, l&rsquo;enseignement catholique de Loire-Atlantique avait annonc\u00e9 avoir\u00a0<a href=\"http:\/\/www.lefigaro.fr\/nantes\/nantes-cinq-pretres-et-un-surveillant-incrimines-dans-des-viols-et-abus-sexuels-au-sein-d-un-etablissement-catholique-entre-1958-et-1995-20250829\" data-fig-type=\"NewsFlash\" data-gtm-custom-categorie=\"navigation\" data-gtm-custom-action=\"crossclick\" data-gtm-custom-label=\"Contextuel\" data-gtm-event=\"customEventSPE\" data-fig-domain=\"LEFIGARO\" rel=\"nofollow noopener\" target=\"_blank\">recueilli plusieurs t\u00e9moignages<\/a>\u00a0faisant \u00e9tat de violences sexuelles au sein de cet \u00e9tablissement entre les ann\u00e9es 1950 et 1990, cinq pr\u00eatres \u00e9tant mis en cause, aujourd&rsquo;hui d\u00e9c\u00e9d\u00e9s. L&rsquo;\u00e9v\u00eaque de Nantes, Mgr Laurent Percerou, a lanc\u00e9 lors de la conf\u00e9rence de presse un appel \u00e0 t\u00e9moignages.<\/p>\n<p class=\"fig-paragraph\">\u00abEn l&rsquo;\u00e9tat, le parquet de Nantes n&rsquo;a en revanche pas \u00e9t\u00e9 rendu destinataire d&rsquo;autres informations de m\u00eame nature concernant d&rsquo;autres familles, notamment depuis la conf\u00e9rence de presse\u00bb de vendredi, a pr\u00e9cis\u00e9 le procureur.<\/p>\n","protected":false},"excerpt":{"rendered":"Avant de mettre fin \u00e0 ses jours, le quadrag\u00e9naire aurait confi\u00e9 avoir \u00e9t\u00e9 victime de violences sexuelles dans&hellip;\n","protected":false},"author":2,"featured_media":361966,"comment_status":"","ping_status":"","sticky":false,"template":"","format":"standard","meta":{"footnotes":""},"categories":[2818],"tags":[1111,11,8305,1777,674,1011,27,766,12,2636,25,5748,799],"class_list":{"0":"post-361965","1":"post","2":"type-post","3":"status-publish","4":"format-standard","5":"has-post-thumbnail","7":"category-nantes","8":"tag-actu","9":"tag-actualites","10":"tag-eglise-catholique","11":"tag-eu","12":"tag-europe","13":"tag-fr","14":"tag-france","15":"tag-nantes","16":"tag-news","17":"tag-pays-de-la-loire","18":"tag-republique-francaise","19":"tag-suicide","20":"tag-violences-sexuelles"},"share_on_mastodon":{"url":"https:\/\/pubeurope.com\/@fr\/115137400295543855","error":""},"_links":{"self":[{"href":"https:\/\/www.europesays.com\/fr\/wp-json\/wp\/v2\/posts\/361965","targetHints":{"allow":["GET"]}}],"collection":[{"href":"https:\/\/www.europesays.com\/fr\/wp-json\/wp\/v2\/posts"}],"about":[{"href":"https:\/\/www.europesays.com\/fr\/wp-json\/wp\/v2\/types\/post"}],"author":[{"embeddable":true,"href":"https:\/\/www.europesays.com\/fr\/wp-json\/wp\/v2\/users\/2"}],"replies":[{"embeddable":true,"href":"https:\/\/www.europesays.com\/fr\/wp-json\/wp\/v2\/comments?post=361965"}],"version-history":[{"count":0,"href":"https:\/\/www.europesays.com\/fr\/wp-json\/wp\/v2\/posts\/361965\/revisions"}],"wp:featuredmedia":[{"embeddable":true,"href":"https:\/\/www.europesays.com\/fr\/wp-json\/wp\/v2\/media\/361966"}],"wp:attachment":[{"href":"https:\/\/www.europesays.com\/fr\/wp-json\/wp\/v2\/media?parent=361965"}],"wp:term":[{"taxonomy":"category","embeddable":true,"href":"https:\/\/www.europesays.com\/fr\/wp-json\/wp\/v2\/categories?post=361965"},{"taxonomy":"post_tag","embeddable":true,"href":"https:\/\/www.europesays.com\/fr\/wp-json\/wp\/v2\/tags?post=361965"}],"curies":[{"name":"wp","href":"https:\/\/api.w.org\/{rel}","templated":true}]}}