{"id":361967,"date":"2025-09-02T23:54:11","date_gmt":"2025-09-02T23:54:11","guid":{"rendered":"https:\/\/www.europesays.com\/fr\/361967\/"},"modified":"2025-09-02T23:54:11","modified_gmt":"2025-09-02T23:54:11","slug":"previsions-du-mercredi-3-septembre-2025-6","status":"publish","type":"post","link":"https:\/\/www.europesays.com\/fr\/361967\/","title":{"rendered":"pr\u00e9visions du mercredi 3 septembre 2025"},"content":{"rendered":"<p>Bordeaux aura la chance de pouvoir profiter d&rsquo;une superbe journ\u00e9e ensoleill\u00e9e. Les valeurs s&rsquo;\u00e9chelonneront entre 15 et 29\u00b0C. Une brise de sud-est soufflera doucement dans la matin\u00e9e. Les temp\u00e9ratures vont conna\u00eetre une hausse de plusieurs degr\u00e9s pendant l&rsquo;apr\u00e8s-midi. Les valeurs afficheront entre 23 et 29\u00b0C. Un vent de nord-ouest soufflera \u00e0 22 km\/h. Il fera environ 19\u00b0C, le soir. Un ciel brumeux est \u00e0 pr\u00e9voir dans la nuit entre mercredi et jeudi.<\/p>\n<p>Demain, Bordeaux devra encore patienter avant que les nuages ne se dissipent. Le temps sera ponctu\u00e9 par des pluies \u00e9parses. Une baisse des temp\u00e9ratures est pr\u00e9vue. On anticipe des valeurs d&rsquo;environ 20\u00b0C. Un vent de sud-ouest rafra\u00eechira un peu l&rsquo;atmosph\u00e8re. La grisaille ne se dissipe toujours pas, il va y avoir encore des nuages le matin. Demain apr\u00e8s-midi, le soleil sera cach\u00e9 derri\u00e8re des nuages. Les maximales pourront atteindre 24\u00b0C et les minimales seront de 21\u00b0C.<\/p>\n<p>La m\u00e9t\u00e9o des jours qui suivent va s&rsquo;am\u00e9liorer. On pr\u00e9voit des journ\u00e9es ensoleill\u00e9es, avec des temp\u00e9ratures dans les 29\u00b0C en moyenne.<\/p>\n<p><\/p>\n","protected":false},"excerpt":{"rendered":"Bordeaux aura la chance de pouvoir profiter d&rsquo;une superbe journ\u00e9e ensoleill\u00e9e. Les valeurs s&rsquo;\u00e9chelonneront entre 15 et 29\u00b0C.&hellip;\n","protected":false},"author":2,"featured_media":361968,"comment_status":"","ping_status":"","sticky":false,"template":"","format":"standard","meta":{"footnotes":""},"categories":[2817],"tags":[1111,11,3177,1997,1777,674,1011,27,2905,12,2219,2119,25],"class_list":{"0":"post-361967","1":"post","2":"type-post","3":"status-publish","4":"format-standard","5":"has-post-thumbnail","7":"category-bordeaux","8":"tag-actu","9":"tag-actualites","10":"tag-aquitaine","11":"tag-bordeaux","12":"tag-eu","13":"tag-europe","14":"tag-fr","15":"tag-france","16":"tag-gironde","17":"tag-news","18":"tag-nouvelle-aquitaine","19":"tag-previsions-meteo","20":"tag-republique-francaise"},"share_on_mastodon":{"url":"https:\/\/pubeurope.com\/@fr\/115137404181753947","error":""},"_links":{"self":[{"href":"https:\/\/www.europesays.com\/fr\/wp-json\/wp\/v2\/posts\/361967","targetHints":{"allow":["GET"]}}],"collection":[{"href":"https:\/\/www.europesays.com\/fr\/wp-json\/wp\/v2\/posts"}],"about":[{"href":"https:\/\/www.europesays.com\/fr\/wp-json\/wp\/v2\/types\/post"}],"author":[{"embeddable":true,"href":"https:\/\/www.europesays.com\/fr\/wp-json\/wp\/v2\/users\/2"}],"replies":[{"embeddable":true,"href":"https:\/\/www.europesays.com\/fr\/wp-json\/wp\/v2\/comments?post=361967"}],"version-history":[{"count":0,"href":"https:\/\/www.europesays.com\/fr\/wp-json\/wp\/v2\/posts\/361967\/revisions"}],"wp:featuredmedia":[{"embeddable":true,"href":"https:\/\/www.europesays.com\/fr\/wp-json\/wp\/v2\/media\/361968"}],"wp:attachment":[{"href":"https:\/\/www.europesays.com\/fr\/wp-json\/wp\/v2\/media?parent=361967"}],"wp:term":[{"taxonomy":"category","embeddable":true,"href":"https:\/\/www.europesays.com\/fr\/wp-json\/wp\/v2\/categories?post=361967"},{"taxonomy":"post_tag","embeddable":true,"href":"https:\/\/www.europesays.com\/fr\/wp-json\/wp\/v2\/tags?post=361967"}],"curies":[{"name":"wp","href":"https:\/\/api.w.org\/{rel}","templated":true}]}}