{"id":361971,"date":"2025-09-02T23:56:16","date_gmt":"2025-09-02T23:56:16","guid":{"rendered":"https:\/\/www.europesays.com\/fr\/361971\/"},"modified":"2025-09-02T23:56:16","modified_gmt":"2025-09-02T23:56:16","slug":"les-restaurants-de-la-region-decrochent-la-3e-meilleure-note-de-france","status":"publish","type":"post","link":"https:\/\/www.europesays.com\/fr\/361971\/","title":{"rendered":"les restaurants de la r\u00e9gion d\u00e9crochent la 3e meilleure note de France"},"content":{"rendered":"<p>Gr\u00e2ce \u00e0 l\u2019analyse de plus de trois millions de paiements anonymis\u00e9s r\u00e9alis\u00e9s dans ses \u00e9tablissements partenaires entre le 1er septembre 2025 et le 25 ao\u00fbt 2025, sunday &#8211; sp\u00e9cialiste des solutions de paiement pour la restauration &#8211; d\u00e9voile un panorama des r\u00e9gions de France ayant <strong>le plus profit\u00e9 de leurs sorties au restaurant durant l\u2019\u00e9t\u00e9<\/strong>.<\/p>\n<p>La r\u00e9gion <a href=\"https:\/\/lopinion.com\/\" rel=\"noopener noreferrer nofollow\" target=\"_blank\">Occitanie<\/a> a donc \u00e9galement \u00e9t\u00e9 analys\u00e9e, voici comment ses habitants et visiteurs ont r\u00e9agi lors de leurs moments pass\u00e9s au restaurant.<\/p>\n<p>Les Occitans, les plus \u00e9conomes<\/p>\n<p>Du c\u00f4t\u00e9 des <strong>additions<\/strong>, c\u2019est la <strong>Bourgogne-Franche-Comt\u00e9<\/strong> qui arrive en t\u00eate, avec un ticket moyen de 53 \u20ac par repas. Derri\u00e8re, la <strong>Nouvelle-Aquitaine<\/strong> se hisse en deuxi\u00e8me position avec 48 \u20ac d\u00e9pens\u00e9s en moyenne. Sur la troisi\u00e8me marche, on retrouve les <strong>Pays de la Loire<\/strong>, dont les visiteurs ont d\u00e9pens\u00e9 47 \u20ac par repas. La r\u00e9gion devance de peu la Provence-Alpes-C\u00f4te d\u2019Azur (46 \u20ac), qui b\u00e9n\u00e9ficie du dynamisme de la C\u00f4te d\u2019Azur et de l\u2019afflux estival de vacanciers. La Bretagne compl\u00e8te ce top 5 avec 44 \u20ac de d\u00e9pense moyenne.<\/p>\n<p>\u00c0 l\u2019autre bout du spectre, plusieurs r\u00e9gions affichent des additions plus modestes.<strong> C\u2019est le cas de l\u2019Occitanie, o\u00f9 les habitants et touristes ont d\u00e9pens\u00e9 en moyenne 34 \u20ac au restaurant cet \u00e9t\u00e9<\/strong> ainsi que du Grand Est et de l\u2019\u00cele-de-France (36 \u20ac chacune).<\/p>\n<p>Les Occitans, les plus satisfaits<\/p>\n<p>C\u00f4t\u00e9 satisfaction, c\u2019est la Nouvelle-Aquitaine qui se distingue avec <strong>la meilleure note de France<\/strong> : 4,8\/5 en moyenne attribu\u00e9s par les clients aux restaurants de la r\u00e9gion. Les Pays de la Loire suivent de pr\u00e8s avec 4,7\/5.<\/p>\n<p>Quant \u00e0 <strong>l&rsquo;Occitanie et l&rsquo;\u00cele-de-France<\/strong>, selon l&rsquo;\u00e9tude de <a href=\"https:\/\/sundayapp.com\/fr\/\" rel=\"noopener noreferrer nofollow\" target=\"_blank\">sunday<\/a>, elles arrivent ex \u00e6quo \u00e0 la <strong>troisi\u00e8me place du classement<\/strong> avec une note de 4,6\/5. Les restaurants de la r\u00e9gion ayant <a href=\"https:\/\/lopinion.com\/\" rel=\"noopener noreferrer nofollow\" target=\"_blank\">Toulouse<\/a> comme capitale d\u00e9crochent ainsi <strong>la 3e meilleure note de France<\/strong>.<\/p>\n<p>Les Occitans, les moins g\u00e9n\u00e9reux<\/p>\n<p>En revanche, si les Occitans sont globalement satisfaits de leurs repas, ils n&rsquo;ont pas, pour autant, r\u00e9compens\u00e9 les restaurateurs au moment de r\u00e9gler l&rsquo;addition.<\/p>\n<p>En effet, <a href=\"https:\/\/lopinion.com\/articles\/economie\/30013_rentree-2025-2026-occitanie-carole-delga-rentree-moins-chere-france\" rel=\"noopener noreferrer nofollow\" target=\"_blank\">dans la r\u00e9gion du Sud pr\u00e9sid\u00e9e par Carole Delga<\/a>, <strong>seulement 31 % des repas se sont conclus par un pourboire<\/strong>\u00a0laiss\u00e9 aux \u00e9quipes en salle, contre 50 % en Bretagne, 48 % en Provence-Alpes-C\u00f4te d\u2019Azur et \u00cele-de-France.<\/p>\n<p>&gt;&gt; \u00c0 LIRE AUSSI : <a href=\"https:\/\/lopinion.com\/articles\/art-de-vivre\/30048_toulouse-rendez-vous-voitures-collection-exception\" rel=\"noopener noreferrer nofollow\" target=\"_blank\">Toulouse : le plus grand rendez-vous des voitures de collection et d&rsquo;exception revient pour trois jours<\/a><\/p>\n","protected":false},"excerpt":{"rendered":"Gr\u00e2ce \u00e0 l\u2019analyse de plus de trois millions de paiements anonymis\u00e9s r\u00e9alis\u00e9s dans ses \u00e9tablissements partenaires entre le&hellip;\n","protected":false},"author":2,"featured_media":361972,"comment_status":"","ping_status":"","sticky":false,"template":"","format":"standard","meta":{"footnotes":""},"categories":[2816],"tags":[1111,11,1777,674,1011,27,12,2680,25,2312],"class_list":{"0":"post-361971","1":"post","2":"type-post","3":"status-publish","4":"format-standard","5":"has-post-thumbnail","7":"category-toulouse","8":"tag-actu","9":"tag-actualites","10":"tag-eu","11":"tag-europe","12":"tag-fr","13":"tag-france","14":"tag-news","15":"tag-occitanie","16":"tag-republique-francaise","17":"tag-toulouse"},"share_on_mastodon":{"url":"https:\/\/pubeurope.com\/@fr\/115137412070301289","error":""},"_links":{"self":[{"href":"https:\/\/www.europesays.com\/fr\/wp-json\/wp\/v2\/posts\/361971","targetHints":{"allow":["GET"]}}],"collection":[{"href":"https:\/\/www.europesays.com\/fr\/wp-json\/wp\/v2\/posts"}],"about":[{"href":"https:\/\/www.europesays.com\/fr\/wp-json\/wp\/v2\/types\/post"}],"author":[{"embeddable":true,"href":"https:\/\/www.europesays.com\/fr\/wp-json\/wp\/v2\/users\/2"}],"replies":[{"embeddable":true,"href":"https:\/\/www.europesays.com\/fr\/wp-json\/wp\/v2\/comments?post=361971"}],"version-history":[{"count":0,"href":"https:\/\/www.europesays.com\/fr\/wp-json\/wp\/v2\/posts\/361971\/revisions"}],"wp:featuredmedia":[{"embeddable":true,"href":"https:\/\/www.europesays.com\/fr\/wp-json\/wp\/v2\/media\/361972"}],"wp:attachment":[{"href":"https:\/\/www.europesays.com\/fr\/wp-json\/wp\/v2\/media?parent=361971"}],"wp:term":[{"taxonomy":"category","embeddable":true,"href":"https:\/\/www.europesays.com\/fr\/wp-json\/wp\/v2\/categories?post=361971"},{"taxonomy":"post_tag","embeddable":true,"href":"https:\/\/www.europesays.com\/fr\/wp-json\/wp\/v2\/tags?post=361971"}],"curies":[{"name":"wp","href":"https:\/\/api.w.org\/{rel}","templated":true}]}}