{"id":361975,"date":"2025-09-02T23:59:13","date_gmt":"2025-09-02T23:59:13","guid":{"rendered":"https:\/\/www.europesays.com\/fr\/361975\/"},"modified":"2025-09-02T23:59:13","modified_gmt":"2025-09-02T23:59:13","slug":"l1-j5-le-derby-rc-lens-lille-est-fixe","status":"publish","type":"post","link":"https:\/\/www.europesays.com\/fr\/361975\/","title":{"rendered":"[L1-J5] Le derby RC Lens-Lille est fix\u00e9 !"},"content":{"rendered":"<p>La LFP a publi\u00e9 le programme de la 5e journ\u00e9e de Ligue 1. Il \u00e9tait tr\u00e8s attendu puisqu\u2019il concerne le derby RC Lens-Lille.<\/p>\n<p>Celui-ci se jouera le samedi 20 septembre \u00e0 21h05. L\u2019affiche sera diffus\u00e9e sur Ligue 1+. <a href=\"https:\/\/www.lensois.com\/l1-j4-psg-rc-lens-le-dimanche-le-programme-complet\/\" target=\"_blank\" rel=\"noopener nofollow\">Pour rappel, PSG-Lens a pour sa part \u00e9t\u00e9 programm\u00e9e au dimanche 14 septembre \u00e0 17h15 (BeIN Sports, 4e journ\u00e9e de Ligue 1)<\/a>. Cette 5e journ\u00e9e sera aussi marqu\u00e9e par le premier Classique de la saison entre l\u2019OM et le PSG.<\/p>\n<p>Le programme de la 5e journ\u00e9e de Ligue 1\u00a0:<\/p>\n<p><strong>Vendredi 19 septembre 2025 \u00e0 20h45\u00a0sur Ligue 1+\u00a0:<\/strong><br \/>Lyon-Angers<\/p>\n<p><strong>Samedi 20 septembre 2025 \u00e0 17h sur beIN SPORTS 1\u00a0:<\/strong><br \/>Nantes-Rennes<\/p>\n<p><strong>Samedi 20 septembre 2025 \u00e0 19h sur Ligue 1+\u00a0:<\/strong><br \/>Brest-Nice<\/p>\n<p><strong>Samedi 20 septembre 2025 \u00e0 21h05 sur Ligue 1+\u00a0:<\/strong><br \/>RC Lens-Lille<\/p>\n<p><strong>Dimanche 21 septembre 2025 \u00e0 15h sur Ligue 1+\u00a0:<\/strong><br \/>Paris FC-Strasbourg<\/p>\n<p><strong>Dimanche 21 septembre 2025 \u00e0 17h15 sur Ligue 1+\u00a0:<\/strong><br \/>Auxerre-Toulouse<br \/>Le Havre-Lorient<br \/>Monaco-Metz<\/p>\n<p><strong>Dimanche 21 septembre 2025 \u00e0 20h45 sur Ligue 1+\u00a0:<\/strong><br \/>Marseille-PSG<\/p>\n","protected":false},"excerpt":{"rendered":"La LFP a publi\u00e9 le programme de la 5e journ\u00e9e de Ligue 1. Il \u00e9tait tr\u00e8s attendu puisqu\u2019il&hellip;\n","protected":false},"author":2,"featured_media":361976,"comment_status":"","ping_status":"","sticky":false,"template":"","format":"standard","meta":{"footnotes":""},"categories":[2815],"tags":[1111,11,1777,674,1011,27,811,1307,12,25],"class_list":{"0":"post-361975","1":"post","2":"type-post","3":"status-publish","4":"format-standard","5":"has-post-thumbnail","7":"category-lille","8":"tag-actu","9":"tag-actualites","10":"tag-eu","11":"tag-europe","12":"tag-fr","13":"tag-france","14":"tag-hauts-de-france","15":"tag-lille","16":"tag-news","17":"tag-republique-francaise"},"share_on_mastodon":{"url":"https:\/\/pubeurope.com\/@fr\/115137423879560414","error":""},"_links":{"self":[{"href":"https:\/\/www.europesays.com\/fr\/wp-json\/wp\/v2\/posts\/361975","targetHints":{"allow":["GET"]}}],"collection":[{"href":"https:\/\/www.europesays.com\/fr\/wp-json\/wp\/v2\/posts"}],"about":[{"href":"https:\/\/www.europesays.com\/fr\/wp-json\/wp\/v2\/types\/post"}],"author":[{"embeddable":true,"href":"https:\/\/www.europesays.com\/fr\/wp-json\/wp\/v2\/users\/2"}],"replies":[{"embeddable":true,"href":"https:\/\/www.europesays.com\/fr\/wp-json\/wp\/v2\/comments?post=361975"}],"version-history":[{"count":0,"href":"https:\/\/www.europesays.com\/fr\/wp-json\/wp\/v2\/posts\/361975\/revisions"}],"wp:featuredmedia":[{"embeddable":true,"href":"https:\/\/www.europesays.com\/fr\/wp-json\/wp\/v2\/media\/361976"}],"wp:attachment":[{"href":"https:\/\/www.europesays.com\/fr\/wp-json\/wp\/v2\/media?parent=361975"}],"wp:term":[{"taxonomy":"category","embeddable":true,"href":"https:\/\/www.europesays.com\/fr\/wp-json\/wp\/v2\/categories?post=361975"},{"taxonomy":"post_tag","embeddable":true,"href":"https:\/\/www.europesays.com\/fr\/wp-json\/wp\/v2\/tags?post=361975"}],"curies":[{"name":"wp","href":"https:\/\/api.w.org\/{rel}","templated":true}]}}