{"id":361977,"date":"2025-09-03T00:00:11","date_gmt":"2025-09-03T00:00:11","guid":{"rendered":"https:\/\/www.europesays.com\/fr\/361977\/"},"modified":"2025-09-03T00:00:11","modified_gmt":"2025-09-03T00:00:11","slug":"previsions-du-mercredi-3-septembre-2025-8","status":"publish","type":"post","link":"https:\/\/www.europesays.com\/fr\/361977\/","title":{"rendered":"pr\u00e9visions du mercredi 3 septembre 2025"},"content":{"rendered":"<p>Le soleil sera dominant, la promesse d&rsquo;une belle journ\u00e9e \u00e0 Marseille ! On pr\u00e9voit des valeurs d&rsquo;environ 23\u00b0C. Il va faire environ 22\u00b0C, le matin. Un vent de nord-ouest rafra\u00eechira sensiblement l&rsquo;atmosph\u00e8re. Les temp\u00e9ratures afficheront entre 24\u00b0C et 25\u00b0C dans l&rsquo;apr\u00e8s-midi. Il fera 23\u00b0C en moyenne le soir. Un ciel clair est pr\u00e9vu dans la nuit entre mercredi et jeudi.<\/p>\n<p>Les nuages dans le ciel de demain retardent l&rsquo;arriv\u00e9e du soleil \u00e0 Marseille. Le thermom\u00e8tre affichera 23\u00b0C en moyenne. En revanche, un bel ensoleillement est attendu le matin. Les valeurs seront comprises entre 22 et 24\u00b0C. Un vent de sud-est soufflera un peu, avec 17 km\/h. Il va y avoir des nuages avant que le soleil ne puisse faire son apparition durant l&rsquo;apr\u00e8s-midi. Des pluies \u00e9parses vont tomber. Les temp\u00e9ratures seront de 23\u00b0C au plus bas et de 24\u00b0C au maximum. Le ciel va l\u00e9g\u00e8rement se d\u00e9gager dans la soir\u00e9e avec des \u00e9claircies. Les temp\u00e9ratures tourneront autour des 22\u00b0C. Un petit vent d&rsquo;ouest soufflera.<\/p>\n<p>Une am\u00e9lioration est \u00e0 pr\u00e9voir pour les jours \u00e0 venir. Il va faire un temps plut\u00f4t ensoleill\u00e9 avec des temp\u00e9ratures autour de 25\u00b0C.<\/p>\n<p><\/p>\n","protected":false},"excerpt":{"rendered":"Le soleil sera dominant, la promesse d&rsquo;une belle journ\u00e9e \u00e0 Marseille ! On pr\u00e9voit des valeurs d&rsquo;environ 23\u00b0C.&hellip;\n","protected":false},"author":2,"featured_media":361978,"comment_status":"","ping_status":"","sticky":false,"template":"","format":"standard","meta":{"footnotes":""},"categories":[2814],"tags":[1111,11,885,1777,674,1011,27,884,12,883,2119,882,25],"class_list":{"0":"post-361977","1":"post","2":"type-post","3":"status-publish","4":"format-standard","5":"has-post-thumbnail","7":"category-marseille","8":"tag-actu","9":"tag-actualites","10":"tag-bouches-du-rhone","11":"tag-eu","12":"tag-europe","13":"tag-fr","14":"tag-france","15":"tag-marseille","16":"tag-news","17":"tag-paca","18":"tag-previsions-meteo","19":"tag-provence-alpes-cote-dazur","20":"tag-republique-francaise"},"share_on_mastodon":{"url":"https:\/\/pubeurope.com\/@fr\/115137427789924029","error":""},"_links":{"self":[{"href":"https:\/\/www.europesays.com\/fr\/wp-json\/wp\/v2\/posts\/361977","targetHints":{"allow":["GET"]}}],"collection":[{"href":"https:\/\/www.europesays.com\/fr\/wp-json\/wp\/v2\/posts"}],"about":[{"href":"https:\/\/www.europesays.com\/fr\/wp-json\/wp\/v2\/types\/post"}],"author":[{"embeddable":true,"href":"https:\/\/www.europesays.com\/fr\/wp-json\/wp\/v2\/users\/2"}],"replies":[{"embeddable":true,"href":"https:\/\/www.europesays.com\/fr\/wp-json\/wp\/v2\/comments?post=361977"}],"version-history":[{"count":0,"href":"https:\/\/www.europesays.com\/fr\/wp-json\/wp\/v2\/posts\/361977\/revisions"}],"wp:featuredmedia":[{"embeddable":true,"href":"https:\/\/www.europesays.com\/fr\/wp-json\/wp\/v2\/media\/361978"}],"wp:attachment":[{"href":"https:\/\/www.europesays.com\/fr\/wp-json\/wp\/v2\/media?parent=361977"}],"wp:term":[{"taxonomy":"category","embeddable":true,"href":"https:\/\/www.europesays.com\/fr\/wp-json\/wp\/v2\/categories?post=361977"},{"taxonomy":"post_tag","embeddable":true,"href":"https:\/\/www.europesays.com\/fr\/wp-json\/wp\/v2\/tags?post=361977"}],"curies":[{"name":"wp","href":"https:\/\/api.w.org\/{rel}","templated":true}]}}