{"id":361979,"date":"2025-09-03T00:01:12","date_gmt":"2025-09-03T00:01:12","guid":{"rendered":"https:\/\/www.europesays.com\/fr\/361979\/"},"modified":"2025-09-03T00:01:12","modified_gmt":"2025-09-03T00:01:12","slug":"qui-est-le-suspect-abattu-pres-du-vieux-port-apres-avoir-blesse-cinq-personnes","status":"publish","type":"post","link":"https:\/\/www.europesays.com\/fr\/361979\/","title":{"rendered":"qui est le suspect, abattu pr\u00e8s du Vieux-Port apr\u00e8s avoir bless\u00e9 cinq personnes ?"},"content":{"rendered":"<p>            lire plus tard<\/p>\n<p id=\"dialog__title\" class=\"dialog__title\">Pour sauvegarder cet article, connectez-vous ou cr\u00e9ez un compte franceinfo<\/p>\n<p class=\"dialog__description\">Sans paiement. Sans abonnement.<\/p>\n<p>        Fermer la fen\u00eatre d\u2019activation des notifications France Info<\/p>\n<p>            cr\u00e9er votre compte<\/p>\n<p>            se connecter<\/p>\n<p>        Fermer la fen\u00eatre de pr\u00e9sentation<\/p>\n<p>    Publi\u00e9 le 02\/09\/2025 23:54<\/p>\n<p>      Mis \u00e0 jour le 02\/09\/2025 23:54<\/p>\n<p>        Temps de lecture : 2min &#8211; vid\u00e9o : 2min<\/p>\n<p>    <img decoding=\"async\" class=\"francetv-player-wrapper__image\" alt=\"Attaque au couteau \u00e0 Marseille : qui est le suspect, abattu pr\u00e8s du Vieux-Port apr\u00e8s avoir bless\u00e9 cinq personnes ?\"  width=\"432\" height=\"243\" src=\"https:\/\/www.europesays.com\/fr\/wp-content\/uploads\/2025\/09\/attaque-marseille-23h-0209-68b7676f81bad641958492.jpg\" fetchpriority=\"high\"\/><\/p>\n<p>              Attaque au couteau \u00e0 Marseille : qui est le suspect, abattu pr\u00e8s du Vieux-Port apr\u00e8s avoir bless\u00e9 cinq personnes ?<br \/>\n                    (franceinfo)<\/p>\n<p>      2min<\/p>\n<p>\n  Un homme a \u00e9t\u00e9 abattu par la police \u00e0 Marseille (Bouches-du-Rh\u00f4ne) ce mardi 2 septembre, \u00e0 deux pas du Vieux-Port, apr\u00e8s avoir attaqu\u00e9 au couteau plusieurs personnes, dont son ancien colocataire. Le suspect \u00e9tait sous contr\u00f4le judiciaire et connu des services de police.\n<\/p>\n<p><strong>Ce texte correspond \u00e0 une partie de la retranscription du reportage ci-dessus. Cliquez sur la vid\u00e9o pour la regarder en int\u00e9gralit\u00e9.<\/strong><\/p>\n<p>\u00c0 deux pas de la foule, mardi 2 septembre \u00e0 Marseille (Bouches-du-Rh\u00f4ne), des policiers mettent en joue un homme qu&rsquo;ils somment d&rsquo;obtemp\u00e9rer. L&rsquo;individu ignore leur sommation. Il est arm\u00e9 de deux couteaux et d&rsquo;une matraque, recule sur plusieurs m\u00e8tres, puis, tout \u00e0 coup, semble se jeter sur les agents qui font alors feu. Au moins six coups sont tir\u00e9s. L&rsquo;assaillant tombe au sol et, pour cacher son corps, des parasols sont rapidement install\u00e9s sur le bitume. C&rsquo;est la fin d&rsquo;une sc\u00e8ne de panique dans la cit\u00e9 phoc\u00e9enne, qui aura dur\u00e9 une vingtaine de minutes.<\/p>\n<p>Dans un restaurant, le fils du g\u00e9rant a tout vu. \u00ab\u00a0Il pouvait planter des couteaux \u00e0 n&rsquo;importe qui\u00a0\u00bb, raconte-t-il, joint par t\u00e9l\u00e9phone, affirmant avoir entendu l&rsquo;assaillant crier \u00ab\u00a0Allahou akbar\u00a0\u00bb. Les propos qu&rsquo;il a tenus sont en cours de v\u00e9rification par les forces de l&rsquo;ordre.<\/p>\n<p>L&rsquo;assaillant, de nationalit\u00e9 tunisienne, est en situation r\u00e9guli\u00e8re en France, mais il est d\u00e9j\u00e0 connu des services de police et de la justice. Son p\u00e9riple criminel a d\u00e9but\u00e9 \u00e0 deux pas du Vieux-Port, dans un h\u00f4tel marseillais dans lequel il r\u00e9sidait, avant d&rsquo;\u00eatre expuls\u00e9 pour loyers impay\u00e9s. L&rsquo;homme est revenu sur les lieux ce mardi apr\u00e8s-midi, o\u00f9 il a poignard\u00e9 son ancien colocataire, avant d&rsquo;attaquer le g\u00e9rant au couteau et de prendre en chasse son fils, qu&rsquo;il blesse au dos.<\/p>\n<p>Quelques minutes plus tard, il sera film\u00e9 dans une autre rue, avec dans ses mains deux couteaux. Sur des images, des passants lui jettent des objets au visage. L&rsquo;individu fuit ensuite sur une art\u00e8re \u00e0 proximit\u00e9 du Vieux-Port : \u00ab\u00a0Il va poursuivre son p\u00e9riple et se retrouver cours Belsunce, o\u00f9 l\u00e0 encore, il tente de porter des coups \u00e0 des personnes pr\u00e9sentes et notamment deux qui vont \u00eatre bless\u00e9es au niveau facial, en recevant des coups de matraque\u00a0\u00bb, explique Nicolas Bessone, procureur de la R\u00e9publique de Marseille. L&rsquo;assaillant a bless\u00e9 au total cinq personnes, dont une gri\u00e8vement.<\/p>\n","protected":false},"excerpt":{"rendered":"lire plus tard Pour sauvegarder cet article, connectez-vous ou cr\u00e9ez un compte franceinfo Sans paiement. Sans abonnement. Fermer&hellip;\n","protected":false},"author":2,"featured_media":361980,"comment_status":"","ping_status":"","sticky":false,"template":"","format":"standard","meta":{"footnotes":""},"categories":[2814],"tags":[1111,11,1777,674,1011,27,884,12,882,25],"class_list":{"0":"post-361979","1":"post","2":"type-post","3":"status-publish","4":"format-standard","5":"has-post-thumbnail","7":"category-marseille","8":"tag-actu","9":"tag-actualites","10":"tag-eu","11":"tag-europe","12":"tag-fr","13":"tag-france","14":"tag-marseille","15":"tag-news","16":"tag-provence-alpes-cote-dazur","17":"tag-republique-francaise"},"share_on_mastodon":{"url":"https:\/\/pubeurope.com\/@fr\/115137432078307702","error":""},"_links":{"self":[{"href":"https:\/\/www.europesays.com\/fr\/wp-json\/wp\/v2\/posts\/361979","targetHints":{"allow":["GET"]}}],"collection":[{"href":"https:\/\/www.europesays.com\/fr\/wp-json\/wp\/v2\/posts"}],"about":[{"href":"https:\/\/www.europesays.com\/fr\/wp-json\/wp\/v2\/types\/post"}],"author":[{"embeddable":true,"href":"https:\/\/www.europesays.com\/fr\/wp-json\/wp\/v2\/users\/2"}],"replies":[{"embeddable":true,"href":"https:\/\/www.europesays.com\/fr\/wp-json\/wp\/v2\/comments?post=361979"}],"version-history":[{"count":0,"href":"https:\/\/www.europesays.com\/fr\/wp-json\/wp\/v2\/posts\/361979\/revisions"}],"wp:featuredmedia":[{"embeddable":true,"href":"https:\/\/www.europesays.com\/fr\/wp-json\/wp\/v2\/media\/361980"}],"wp:attachment":[{"href":"https:\/\/www.europesays.com\/fr\/wp-json\/wp\/v2\/media?parent=361979"}],"wp:term":[{"taxonomy":"category","embeddable":true,"href":"https:\/\/www.europesays.com\/fr\/wp-json\/wp\/v2\/categories?post=361979"},{"taxonomy":"post_tag","embeddable":true,"href":"https:\/\/www.europesays.com\/fr\/wp-json\/wp\/v2\/tags?post=361979"}],"curies":[{"name":"wp","href":"https:\/\/api.w.org\/{rel}","templated":true}]}}