{"id":361988,"date":"2025-09-03T00:06:13","date_gmt":"2025-09-03T00:06:13","guid":{"rendered":"https:\/\/www.europesays.com\/fr\/361988\/"},"modified":"2025-09-03T00:06:13","modified_gmt":"2025-09-03T00:06:13","slug":"bien-plus-grave-que-quelques-fractures-les-dernieres-nouvelles-de-chris-froome-ne-sont-pas-rassurantes","status":"publish","type":"post","link":"https:\/\/www.europesays.com\/fr\/361988\/","title":{"rendered":"\u00ab\u00a0Bien plus grave que quelques fractures\u00a0\u00bb : les derni\u00e8res nouvelles de Chris Froome ne sont pas rassurantes"},"content":{"rendered":"<p class=\"paragraph text_align_left lp-f-body-02\">Un peu plus d\u2019une semaine apr\u00e8s l\u2019<a href=\"https:\/\/www.leparisien.fr\/sports\/cyclisme\/cyclisme-christopher-froome-gravement-blesse-et-hospitalise-apres-un-accident-a-lentrainement-28-08-2025-J64XCMPOZRAFFJMPTIP34TOQ7E.php\" target=\"_blank\" rel=\"noreferrer nofollow noopener\">accident de Christopher Froome \u00e0 l\u2019entra\u00eenement<\/a>, on en sait un peu plus sur les circonstances de l\u2019accident et surtout sur les cons\u00e9quences m\u00e9dicales.<\/p>\n<p class=\"paragraph text_align_left lp-f-body-02\">C\u2019est sa compagne, Michelle Cound, qui s\u2019est confi\u00e9e au Times. Elle a notamment \u00e9voqu\u00e9 une situation m\u00e9dicale plus alarmante qu\u2019initialement indiqu\u00e9s.<\/p>\n<p class=\"paragraph text_align_left lp-f-body-02\">\u00ab C\u2019est \u00e9videmment bien plus grave que quelques fractures \u00bb, a-t-elle expliqu\u00e9. Il ne fera pas de v\u00e9lo pendant un certain temps, la convalescence sera longue \u00bb.<\/p>\n<p class=\"paragraph text_align_left lp-f-body-02\">Le mercredi 27 ao\u00fbt, le quadruple vainqueur du Tour de France britannique avait eu un accident \u00e0 Fayence, pr\u00e8s de Toulon, dans le Var. Dans les premiers moments, il avait \u00e9t\u00e9 question d\u2019une voiture qui l\u2019avait percut\u00e9. Ce qu\u2019avait d\u00e9menti le lendemain son \u00e9quipe Isra\u00ebl Premier Tech. Finalement, le <a href=\"https:\/\/www.leparisien.fr\/sports\/cyclisme\/la-fin-dune-generation-chris-froome-va-probablement-arreter-sa-carriere-apres-la-saison-2025-21-02-2025-AM75C5T5U5CWPMYJEYS36O7ISI.php\" target=\"_blank\" rel=\"noreferrer nofollow noopener\">coureur \u00e2g\u00e9 de 40 ans<\/a> aurait percut\u00e9 un poteau apr\u00e8s avoir \u00e9t\u00e9 d\u00e9s\u00e9quilibr\u00e9 par un terre-plein.<\/p>\n<p>Un probl\u00e8me au coeur<\/p>\n<p class=\"paragraph text_align_left lp-f-body-02\">Selon les premiers diagnostiques, Froome souffrait d\u2019un pneumothorax, de cinq c\u00f4tes cass\u00e9es et une fracture d\u2019une vert\u00e8bre lombaire. Op\u00e9r\u00e9 \u00e0 l\u2019h\u00f4pital de Toulon, le Britannique pr\u00e9sente \u00e9galement une d\u00e9chirure des membranes p\u00e9ricardiques autour de son c\u0153ur. Une d\u00e9couverte faite gr\u00e2ce \u00e0 l\u2019intervention chirurgicale.<\/p>\n<p class=\"paragraph text_align_left lp-f-body-02\">Une pathologie qui est loin d\u2019\u00eatre anodine puisqu\u2019elle peut \u00eatre mortelle.<\/p>\n<p class=\"paragraph text_align_left lp-f-body-02\">L\u2019ancien coureur Sky n\u2019a plus gagn\u00e9 de course depuis 2018 en d\u00e9crochant deux \u00e9tapes du Giro. Victime d\u2019une fracture du f\u00e9mur, Froome ne s\u2019est jamais remis de sa chute en 2019 au Crit\u00e9rium du Dauphin\u00e9.<\/p>\n<p class=\"paragraph text_align_left lp-f-body-02\">La derni\u00e8re course de celui qui surnomme aussi le \u00ab K\u00e9nyan blanc \u00bb, en r\u00e9f\u00e9rence \u00e0 son lieu de naissance Nairobi au Kenya, est le <a href=\"https:\/\/www.leparisien.fr\/sports\/cyclisme\/il-faut-commencer-a-dire-non-christopher-froome-evoque-la-fatigue-mentale-de-tadej-pogacar-17-08-2025-UER277ZXRBA7DPLSJBHXBFGTJ4.php\" target=\"_blank\" rel=\"noreferrer nofollow noopener\">Tour de Pologne<\/a> en ao\u00fbt avec une modeste 68e place au g\u00e9n\u00e9ral.<\/p>\n","protected":false},"excerpt":{"rendered":"Un peu plus d\u2019une semaine apr\u00e8s l\u2019accident de Christopher Froome \u00e0 l\u2019entra\u00eenement, on en sait un peu plus&hellip;\n","protected":false},"author":2,"featured_media":361989,"comment_status":"","ping_status":"","sticky":false,"template":"","format":"standard","meta":{"footnotes":""},"categories":[1888],"tags":[1111,1928,11,1927,207,1777,674,1011,27,12,1926,626,1925,25,60],"class_list":{"0":"post-361988","1":"post","2":"type-post","3":"status-publish","4":"format-standard","5":"has-post-thumbnail","7":"category-paris","8":"tag-actu","9":"tag-actu-paris","10":"tag-actualites","11":"tag-actualites-paris","12":"tag-cyclisme","13":"tag-eu","14":"tag-europe","15":"tag-fr","16":"tag-france","17":"tag-news","18":"tag-news-paris","19":"tag-paris","20":"tag-paris-news","21":"tag-republique-francaise","22":"tag-sports"},"share_on_mastodon":{"url":"https:\/\/pubeurope.com\/@fr\/115137451389230611","error":""},"_links":{"self":[{"href":"https:\/\/www.europesays.com\/fr\/wp-json\/wp\/v2\/posts\/361988","targetHints":{"allow":["GET"]}}],"collection":[{"href":"https:\/\/www.europesays.com\/fr\/wp-json\/wp\/v2\/posts"}],"about":[{"href":"https:\/\/www.europesays.com\/fr\/wp-json\/wp\/v2\/types\/post"}],"author":[{"embeddable":true,"href":"https:\/\/www.europesays.com\/fr\/wp-json\/wp\/v2\/users\/2"}],"replies":[{"embeddable":true,"href":"https:\/\/www.europesays.com\/fr\/wp-json\/wp\/v2\/comments?post=361988"}],"version-history":[{"count":0,"href":"https:\/\/www.europesays.com\/fr\/wp-json\/wp\/v2\/posts\/361988\/revisions"}],"wp:featuredmedia":[{"embeddable":true,"href":"https:\/\/www.europesays.com\/fr\/wp-json\/wp\/v2\/media\/361989"}],"wp:attachment":[{"href":"https:\/\/www.europesays.com\/fr\/wp-json\/wp\/v2\/media?parent=361988"}],"wp:term":[{"taxonomy":"category","embeddable":true,"href":"https:\/\/www.europesays.com\/fr\/wp-json\/wp\/v2\/categories?post=361988"},{"taxonomy":"post_tag","embeddable":true,"href":"https:\/\/www.europesays.com\/fr\/wp-json\/wp\/v2\/tags?post=361988"}],"curies":[{"name":"wp","href":"https:\/\/api.w.org\/{rel}","templated":true}]}}