{"id":361992,"date":"2025-09-03T00:08:10","date_gmt":"2025-09-03T00:08:10","guid":{"rendered":"https:\/\/www.europesays.com\/fr\/361992\/"},"modified":"2025-09-03T00:08:10","modified_gmt":"2025-09-03T00:08:10","slug":"previsions-du-mercredi-3-septembre-2025-10","status":"publish","type":"post","link":"https:\/\/www.europesays.com\/fr\/361992\/","title":{"rendered":"pr\u00e9visions du mercredi 3 septembre 2025"},"content":{"rendered":"<p>\u00c0 Paris, la journ\u00e9e va rester voil\u00e9e \u00e0 cause de nuages qui perdurent dans le ciel. Il va faire 20\u00b0C en moyenne. Toujours de la grisaille le matin. Les nuages vont stationner. Le mercure affichera 18\u00b0C en moyenne. La ville sera touch\u00e9e par un vent de sud de 22 km\/h. La grisaille ne se dissipe toujours pas, il y aura encore des nuages l&rsquo;apr\u00e8s-midi. Mauvais temps : on pr\u00e9voit des pluies \u00e9parses. En revanche, c&rsquo;est une hausse de plusieurs degr\u00e9s que vont conna\u00eetre les temp\u00e9ratures. Les valeurs seront de 22\u00b0C au minimum et de 24\u00b0C au maximum. Dans la soir\u00e9e, les temp\u00e9ratures seront de 21\u00b0C. Pendant que vous dormirez, dans la nuit de mercredi \u00e0 jeudi, le ciel sera clair.<\/p>\n<p>Les nuages seront visibles demain \u00e0 Paris. Une baisse des temp\u00e9ratures est pr\u00e9vue. On anticipe des temp\u00e9ratures d&rsquo;environ 19\u00b0C. Un vent de sud-ouest rafra\u00eechira l\u00e9g\u00e8rement l&rsquo;atmosph\u00e8re. Demain apr\u00e8s-midi, encore des nuages dans le ciel qui emp\u00eachent le soleil de faire son apparition. Des pluies \u00e9parses vont tomber. Les valeurs afficheront entre 20 et 22\u00b0C. Demain soir, le vent va progressivement \u00e9loigner la grisaille. Il fera environ 19\u00b0C.<\/p>\n<p>Vendredi, la m\u00e9t\u00e9o sera ensoleill\u00e9e alors qu&rsquo;une d\u00e9gradation est pr\u00e9vue samedi.<\/p>\n<p><\/p>\n","protected":false},"excerpt":{"rendered":"\u00c0 Paris, la journ\u00e9e va rester voil\u00e9e \u00e0 cause de nuages qui perdurent dans le ciel. Il va&hellip;\n","protected":false},"author":2,"featured_media":361993,"comment_status":"","ping_status":"","sticky":false,"template":"","format":"standard","meta":{"footnotes":""},"categories":[1888],"tags":[11,1777,674,1011,27,662,12,626,2119,25],"class_list":{"0":"post-361992","1":"post","2":"type-post","3":"status-publish","4":"format-standard","5":"has-post-thumbnail","7":"category-paris","8":"tag-actualites","9":"tag-eu","10":"tag-europe","11":"tag-fr","12":"tag-france","13":"tag-ile-de-france","14":"tag-news","15":"tag-paris","16":"tag-previsions-meteo","17":"tag-republique-francaise"},"share_on_mastodon":{"url":"https:\/\/pubeurope.com\/@fr\/115137459275324056","error":""},"_links":{"self":[{"href":"https:\/\/www.europesays.com\/fr\/wp-json\/wp\/v2\/posts\/361992","targetHints":{"allow":["GET"]}}],"collection":[{"href":"https:\/\/www.europesays.com\/fr\/wp-json\/wp\/v2\/posts"}],"about":[{"href":"https:\/\/www.europesays.com\/fr\/wp-json\/wp\/v2\/types\/post"}],"author":[{"embeddable":true,"href":"https:\/\/www.europesays.com\/fr\/wp-json\/wp\/v2\/users\/2"}],"replies":[{"embeddable":true,"href":"https:\/\/www.europesays.com\/fr\/wp-json\/wp\/v2\/comments?post=361992"}],"version-history":[{"count":0,"href":"https:\/\/www.europesays.com\/fr\/wp-json\/wp\/v2\/posts\/361992\/revisions"}],"wp:featuredmedia":[{"embeddable":true,"href":"https:\/\/www.europesays.com\/fr\/wp-json\/wp\/v2\/media\/361993"}],"wp:attachment":[{"href":"https:\/\/www.europesays.com\/fr\/wp-json\/wp\/v2\/media?parent=361992"}],"wp:term":[{"taxonomy":"category","embeddable":true,"href":"https:\/\/www.europesays.com\/fr\/wp-json\/wp\/v2\/categories?post=361992"},{"taxonomy":"post_tag","embeddable":true,"href":"https:\/\/www.europesays.com\/fr\/wp-json\/wp\/v2\/tags?post=361992"}],"curies":[{"name":"wp","href":"https:\/\/api.w.org\/{rel}","templated":true}]}}