{"id":361994,"date":"2025-09-03T00:09:14","date_gmt":"2025-09-03T00:09:14","guid":{"rendered":"https:\/\/www.europesays.com\/fr\/361994\/"},"modified":"2025-09-03T00:09:14","modified_gmt":"2025-09-03T00:09:14","slug":"victoria-denis-lance-la-premiere-edition-de-ceramic-art-fair-paris-23-galeries-de-lancien-au-contemporain","status":"publish","type":"post","link":"https:\/\/www.europesays.com\/fr\/361994\/","title":{"rendered":"Victoria Denis lance la premi\u00e8re \u00e9dition de Ceramic Art Fair Paris, 23 galeries de l\u2019ancien au contemporain"},"content":{"rendered":"<p><strong>LES FIGURES DE LA RENTR\u00c9E &#8211; <\/strong>Cette passionn\u00e9e du domaine monte avec H\u00e9l\u00e8ne de Vanssay une toute nouvelle foire consacr\u00e9e aux arts du feu, en octobre, pendant Art Basel Paris.<\/p>\n<p class=\"fig-paragraph\">La c\u00e9ramique a le vent en poupe. Elle est de plus en plus \u00e0 l\u2019honneur dans les foires. Mais il lui manquait un salon sp\u00e9cifique. Premi\u00e8re \u00e0 s\u2019\u00eatre jet\u00e9e \u00e0 l\u2019eau\u00a0: la Belgique qui a lanc\u00e9, en 2024,\u00a0<a href=\"https:\/\/www.lefigaro.fr\/arts-expositions\/ceramic-brussels-un-marche-fragile-qui-reste-a-construire-20240201\" data-fig-type=\"Article\" data-gtm-custom-categorie=\"navigation\" data-gtm-custom-action=\"crossclick\" data-gtm-custom-label=\"Contextuel\" data-gtm-event=\"customEventSPE\" data-fig-domain=\"LEFIGARO\" target=\"_blank\" rel=\"noopener\">Ceramic Brussels<\/a>. Forte de son succ\u00e8s d\u2019estime, une troisi\u00e8me \u00e9dition est attendue pour 2026 \u00e0 Bruxelles. La France lui embo\u00eete le pas, avec Ceramic Art Fair Paris, \u00e0 la maison de l\u2019Am\u00e9rique latine, du 21 au 25\u00a0octobre, pendant\u00a0<a href=\"http:\/\/www.lefigaro.fr\/arts-expositions\/art-basel-paris-entend-jouer-dans-la-cour-des-grands-des-foires-d-art-contemporain-20241018\" data-fig-type=\"Article\" data-gtm-custom-categorie=\"navigation\" data-gtm-custom-action=\"crossclick\" data-gtm-custom-label=\"Contextuel\" data-gtm-event=\"customEventSPE\" data-fig-domain=\"LEFIGARO\" target=\"_blank\" rel=\"noopener\">Art Basel Paris<\/a>. Histoire de profiter de la venue des amateurs internationaux.<\/p>\n<p class=\"fig-paragraph\">L\u2019id\u00e9e est n\u00e9e il y a peu. Et tout s\u2019est encha\u00een\u00e9 tr\u00e8s vite pour Victoria Denis (52\u00a0ans) qui a toujours \u00e9t\u00e9 fan du domaine (trois ans de formation en c\u00e9ramique \u00e0 l\u2019\u00e9cole d\u2019art d\u2019Uccle, \u00e0 Bruxelles) et chineuse hors pair aux Puces ou sur Drouot Live (l\u2019un de ses premiers achats\u00a0: un ensemble de Vallauris, imitation faux bois, de Grandjean Jourdan). Elle a convaincu son amie H\u00e9l\u00e8ne de Vanssay (58\u00a0ans) qui vient de l\u2019\u00e9v\u00e9nementiel de la rejoindre. \u00c9nergiques en diable, elles forment un duo\u2026<\/p>\n<p class=\"fig-premium-paywall__infos\">\n        Cet article est r\u00e9serv\u00e9 aux abonn\u00e9s.        Il vous reste 62% \u00e0 d\u00e9couvrir.\n    <\/p>\n<p>                <img  data- alt=\"Le Figaro\" class=\"fig-img--complete fig-img\"\/><\/p>\n<p class=\"fig-premium-paywall__title\">Vente Flash<\/p>\n<p class=\"fig-premium-paywall__subtitle\">4,99\u20ac par mois pendant 12 mois. Sans engagement<\/p>\n<p class=\"fig-premium-paywall__connect\">\n                D\u00e9j\u00e0 abonn\u00e9\u00a0?                <a class=\"fig-premium-paywall__connect-link\" href=\"https:\/\/connect.lefigaro.fr\/login?client=horizon_web&amp;type=main&amp;redirect_uri=https%3A%2F%2Fwww.lefigaro.fr%2Fculture%2Fvictoria-denis-lance-la-premiere-edition-de-ceramic-art-fair-paris-23-galeries-de-l-ancien-au-contemporain-20250902\" data-js-gtm=\"{&quot;customCategorie&quot;: &quot;conversion&quot;, &quot;customAction&quot;: &quot;before_Landing_Connexion_paywall_auto&quot;, &quot;customLabel&quot;: &quot;bGVmaWdhcm8uZnJfXzFmMDg1YmQ1LTc3YjEtNmY5Mi1iOGNlLWEzZTAxZDllZjIwMF9fQXJ0aWNsZQ==_Victoria Denis lance la premi\u00e8re \u00e9dition de Ceramic Art Fair Paris, 23 galeries de l\u2019ancien au contemporain_492&quot;, &quot;customIDSPE&quot;: &quot;bGVmaWdhcm8uZnJfXzFmMDg1YmQ1LTc3YjEtNmY5Mi1iOGNlLWEzZTAxZDllZjIwMF9fQXJ0aWNsZQ==&quot;, &quot;event&quot;: &quot;customEventSPE&quot;}\" target=\"_blank\" rel=\"noopener\"><br \/>\n                    Connectez-vous<br \/>\n                <\/a>\n            <\/p>\n","protected":false},"excerpt":{"rendered":"LES FIGURES DE LA RENTR\u00c9E &#8211; Cette passionn\u00e9e du domaine monte avec H\u00e9l\u00e8ne de Vanssay une toute nouvelle&hellip;\n","protected":false},"author":2,"featured_media":361995,"comment_status":"","ping_status":"","sticky":false,"template":"","format":"standard","meta":{"footnotes":""},"categories":[1888],"tags":[11,7456,4587,1777,674,1011,27,12,626,25],"class_list":{"0":"post-361994","1":"post","2":"type-post","3":"status-publish","4":"format-standard","5":"has-post-thumbnail","7":"category-paris","8":"tag-actualites","9":"tag-art-basel","10":"tag-ceramique","11":"tag-eu","12":"tag-europe","13":"tag-fr","14":"tag-france","15":"tag-news","16":"tag-paris","17":"tag-republique-francaise"},"share_on_mastodon":{"url":"https:\/\/pubeurope.com\/@fr\/115137463187665170","error":""},"_links":{"self":[{"href":"https:\/\/www.europesays.com\/fr\/wp-json\/wp\/v2\/posts\/361994","targetHints":{"allow":["GET"]}}],"collection":[{"href":"https:\/\/www.europesays.com\/fr\/wp-json\/wp\/v2\/posts"}],"about":[{"href":"https:\/\/www.europesays.com\/fr\/wp-json\/wp\/v2\/types\/post"}],"author":[{"embeddable":true,"href":"https:\/\/www.europesays.com\/fr\/wp-json\/wp\/v2\/users\/2"}],"replies":[{"embeddable":true,"href":"https:\/\/www.europesays.com\/fr\/wp-json\/wp\/v2\/comments?post=361994"}],"version-history":[{"count":0,"href":"https:\/\/www.europesays.com\/fr\/wp-json\/wp\/v2\/posts\/361994\/revisions"}],"wp:featuredmedia":[{"embeddable":true,"href":"https:\/\/www.europesays.com\/fr\/wp-json\/wp\/v2\/media\/361995"}],"wp:attachment":[{"href":"https:\/\/www.europesays.com\/fr\/wp-json\/wp\/v2\/media?parent=361994"}],"wp:term":[{"taxonomy":"category","embeddable":true,"href":"https:\/\/www.europesays.com\/fr\/wp-json\/wp\/v2\/categories?post=361994"},{"taxonomy":"post_tag","embeddable":true,"href":"https:\/\/www.europesays.com\/fr\/wp-json\/wp\/v2\/tags?post=361994"}],"curies":[{"name":"wp","href":"https:\/\/api.w.org\/{rel}","templated":true}]}}