{"id":361996,"date":"2025-09-03T00:10:10","date_gmt":"2025-09-03T00:10:10","guid":{"rendered":"https:\/\/www.europesays.com\/fr\/361996\/"},"modified":"2025-09-03T00:10:10","modified_gmt":"2025-09-03T00:10:10","slug":"la-russie-en-pourparlers-pour-fournir-davantage-de-systemes-de-missiles-s-400-a-linde","status":"publish","type":"post","link":"https:\/\/www.europesays.com\/fr\/361996\/","title":{"rendered":"La Russie en pourparlers pour fournir davantage de syst\u00e8mes de missiles S-400 \u00e0 l&rsquo;Inde"},"content":{"rendered":"<p>Moscou et New Delhi n\u00e9gocient actuellement une augmentation des livraisons de syst\u00e8mes russes de d\u00e9fense antia\u00e9rienne S-400 \u00e0 l&rsquo;Inde, a rapport\u00e9 mardi soir l&rsquo;agence TASS, citant un haut responsable russe de l&rsquo;exportation de mat\u00e9riel de d\u00e9fense.<\/p>\n<p>\n\u00ab\u00a0L&rsquo;Inde dispose d\u00e9j\u00e0 de notre syst\u00e8me S-400\u00a0\u00bb, a d\u00e9clar\u00e9 Dmitri Chouga\u00efev, directeur du Service f\u00e9d\u00e9ral russe pour la coop\u00e9ration militaro-technique, cit\u00e9 par TASS.<\/p>\n<p>\n\u00ab\u00a0Il existe un potentiel pour \u00e9largir notre coop\u00e9ration dans ce domaine \u00e9galement. Cela signifie de nouvelles livraisons. Pour l&rsquo;instant, nous en sommes au stade des n\u00e9gociations.\u00a0\u00bb<\/p>\n<p>\nL&rsquo;Inde avait sign\u00e9 en 2018 un contrat de 5,5 milliards de dollars avec la Russie pour l&rsquo;acquisition de cinq syst\u00e8mes de missiles sol-air longue port\u00e9e S-400 Triumf, que New Delhi consid\u00e8re comme essentiels pour contrer la menace chinoise.<\/p>\n<p>\nCependant, la livraison de ces syst\u00e8mes a \u00e9t\u00e9 retard\u00e9e \u00e0 plusieurs reprises. Moscou devrait remettre les unit\u00e9s des deux derniers syst\u00e8mes S-400 \u00e0 l&rsquo;Inde en 2026 et 2027.<\/p>\n<p>\nLundi, Narendra Modi a affirm\u00e9 \u00e0 Vladimir Poutine que l&rsquo;Inde et la Russie \u00e9taient rest\u00e9es c\u00f4te \u00e0 c\u00f4te m\u00eame dans les moments difficiles, apr\u00e8s que le pr\u00e9sident du Kremlin a qualifi\u00e9 le Premier ministre indien de \u00ab\u00a0cher ami\u00a0\u00bb en marge du sommet de l&rsquo;Organisation de coop\u00e9ration de Shanghai en Chine.<\/p>\n<p>\nLe ministre russe des Affaires \u00e9trang\u00e8res, Sergue\u00ef Lavrov, a d\u00e9clar\u00e9 dans des propos publi\u00e9s mercredi que l&rsquo;Inde n&rsquo;avait pas c\u00e9d\u00e9 aux pressions des \u00c9tats-Unis lui demandant de cesser d&rsquo;acheter des ressources \u00e0 la Russie, ajoutant que Moscou \u00ab\u00a0appr\u00e9ciait\u00a0\u00bb cette position.<\/p>\n<p>\nSelon l&rsquo;Institut international de recherche sur la paix de Stockholm (SIPRI), la Russie a repr\u00e9sent\u00e9 36\u00a0% des importations d&rsquo;armes de l&rsquo;Inde entre 2020 et 2024, contre 33\u00a0% pour la France et 13\u00a0% pour Isra\u00ebl.<\/p>\n","protected":false},"excerpt":{"rendered":"Moscou et New Delhi n\u00e9gocient actuellement une augmentation des livraisons de syst\u00e8mes russes de d\u00e9fense antia\u00e9rienne S-400 \u00e0&hellip;\n","protected":false},"author":2,"featured_media":361997,"comment_status":"","ping_status":"","sticky":false,"template":"","format":"standard","meta":{"footnotes":""},"categories":[1591],"tags":[11,340,1887,12,1885,1886,132],"class_list":{"0":"post-361996","1":"post","2":"type-post","3":"status-publish","4":"format-standard","5":"has-post-thumbnail","7":"category-russie","8":"tag-actualites","9":"tag-bourse","10":"tag-federation-de-russie","11":"tag-news","12":"tag-russia","13":"tag-russian-federation","14":"tag-russie"},"share_on_mastodon":{"url":"https:\/\/pubeurope.com\/@fr\/115137467111111045","error":""},"_links":{"self":[{"href":"https:\/\/www.europesays.com\/fr\/wp-json\/wp\/v2\/posts\/361996","targetHints":{"allow":["GET"]}}],"collection":[{"href":"https:\/\/www.europesays.com\/fr\/wp-json\/wp\/v2\/posts"}],"about":[{"href":"https:\/\/www.europesays.com\/fr\/wp-json\/wp\/v2\/types\/post"}],"author":[{"embeddable":true,"href":"https:\/\/www.europesays.com\/fr\/wp-json\/wp\/v2\/users\/2"}],"replies":[{"embeddable":true,"href":"https:\/\/www.europesays.com\/fr\/wp-json\/wp\/v2\/comments?post=361996"}],"version-history":[{"count":0,"href":"https:\/\/www.europesays.com\/fr\/wp-json\/wp\/v2\/posts\/361996\/revisions"}],"wp:featuredmedia":[{"embeddable":true,"href":"https:\/\/www.europesays.com\/fr\/wp-json\/wp\/v2\/media\/361997"}],"wp:attachment":[{"href":"https:\/\/www.europesays.com\/fr\/wp-json\/wp\/v2\/media?parent=361996"}],"wp:term":[{"taxonomy":"category","embeddable":true,"href":"https:\/\/www.europesays.com\/fr\/wp-json\/wp\/v2\/categories?post=361996"},{"taxonomy":"post_tag","embeddable":true,"href":"https:\/\/www.europesays.com\/fr\/wp-json\/wp\/v2\/tags?post=361996"}],"curies":[{"name":"wp","href":"https:\/\/api.w.org\/{rel}","templated":true}]}}