{"id":362009,"date":"2025-09-03T00:17:12","date_gmt":"2025-09-03T00:17:12","guid":{"rendered":"https:\/\/www.europesays.com\/fr\/362009\/"},"modified":"2025-09-03T00:17:12","modified_gmt":"2025-09-03T00:17:12","slug":"cest-catastrophique-la-population-de-gandrange-sonnee-apres-la-hausse-record-de-la-taxe-fonciere-de-136","status":"publish","type":"post","link":"https:\/\/www.europesays.com\/fr\/362009\/","title":{"rendered":"\u00ab\u00a0C\u2019est catastrophique\u00a0\u00bb\u00a0: la population de Gandrange sonn\u00e9e apr\u00e8s la hausse record de la taxe fonci\u00e8re de 136\u00a0%"},"content":{"rendered":"<p class=\"paragraph text_align_left lp-f-body-02\">\u00ab Je suis issu d\u2019une famille de sid\u00e9rurgistes. Mes parents avaient pris leurs dispositions, sans faire de folies, pour rembourser leur maison et vivre sans dette en anticipant leur baisse de revenus. Mais avec leur retraite, sinc\u00e8rement, quand vous risquez de recevoir une taxe fonci\u00e8re multipli\u00e9e par deux et que vous gagnez 1 500 euros, comment faites-vous ? \u00bb.<\/p>\n<p class=\"paragraph text_align_left lp-f-body-02\">Infirmier \u00e0 Gandrange (<a href=\"https:\/\/www.leparisien.fr\/moselle-57\/\" target=\"_blank\" rel=\"noreferrer nofollow noopener\">Moselle<\/a>), dans la vall\u00e9e de la Fensch Laurent Brenner a du mal \u00e0 contenir sa col\u00e8re. L\u2019annonce du peu convoit\u00e9 titre de \u00ab championne de France de la <a href=\"https:\/\/www.leparisien.fr\/economie\/impots\/taxe-fonciere-ces-communes-ou-elle-augmente-le-plus-en-2025-01-09-2025-GRP5IOXCDFHA5ETEVR5VVSBOAE.php\" target=\"_blank\" rel=\"noreferrer nofollow noopener\">hausse de la taxe fonci\u00e8re<\/a> \u00bb pour sa commune de Gandrange, lui laisse un go\u00fbt amer, \u00e0 l\u2019instar d\u2019une part consid\u00e9rable de la population.<\/p>\n","protected":false},"excerpt":{"rendered":"\u00ab Je suis issu d\u2019une famille de sid\u00e9rurgistes. Mes parents avaient pris leurs dispositions, sans faire de folies,&hellip;\n","protected":false},"author":2,"featured_media":362010,"comment_status":"","ping_status":"","sticky":false,"template":"","format":"standard","meta":{"footnotes":""},"categories":[2],"tags":[11,459,33,1011,27,12,25],"class_list":{"0":"post-362009","1":"post","2":"type-post","3":"status-publish","4":"format-standard","5":"has-post-thumbnail","7":"category-actualites","8":"tag-actualites","9":"tag-departements-horsidfo","10":"tag-economie","11":"tag-fr","12":"tag-france","13":"tag-news","14":"tag-republique-francaise"},"share_on_mastodon":{"url":"https:\/\/pubeurope.com\/@fr\/115137494616563040","error":""},"_links":{"self":[{"href":"https:\/\/www.europesays.com\/fr\/wp-json\/wp\/v2\/posts\/362009","targetHints":{"allow":["GET"]}}],"collection":[{"href":"https:\/\/www.europesays.com\/fr\/wp-json\/wp\/v2\/posts"}],"about":[{"href":"https:\/\/www.europesays.com\/fr\/wp-json\/wp\/v2\/types\/post"}],"author":[{"embeddable":true,"href":"https:\/\/www.europesays.com\/fr\/wp-json\/wp\/v2\/users\/2"}],"replies":[{"embeddable":true,"href":"https:\/\/www.europesays.com\/fr\/wp-json\/wp\/v2\/comments?post=362009"}],"version-history":[{"count":0,"href":"https:\/\/www.europesays.com\/fr\/wp-json\/wp\/v2\/posts\/362009\/revisions"}],"wp:featuredmedia":[{"embeddable":true,"href":"https:\/\/www.europesays.com\/fr\/wp-json\/wp\/v2\/media\/362010"}],"wp:attachment":[{"href":"https:\/\/www.europesays.com\/fr\/wp-json\/wp\/v2\/media?parent=362009"}],"wp:term":[{"taxonomy":"category","embeddable":true,"href":"https:\/\/www.europesays.com\/fr\/wp-json\/wp\/v2\/categories?post=362009"},{"taxonomy":"post_tag","embeddable":true,"href":"https:\/\/www.europesays.com\/fr\/wp-json\/wp\/v2\/tags?post=362009"}],"curies":[{"name":"wp","href":"https:\/\/api.w.org\/{rel}","templated":true}]}}