{"id":362022,"date":"2025-09-03T00:26:22","date_gmt":"2025-09-03T00:26:22","guid":{"rendered":"https:\/\/www.europesays.com\/fr\/362022\/"},"modified":"2025-09-03T00:26:22","modified_gmt":"2025-09-03T00:26:22","slug":"ex-commentateur-sur-canal-bertrand-guillemin-nomme-team-manager-du-stade-francais-lequipe","status":"publish","type":"post","link":"https:\/\/www.europesays.com\/fr\/362022\/","title":{"rendered":"Ex-commentateur sur Canal+, Bertrand Guillemin nomm\u00e9 Team Manager du Stade Fran\u00e7ais &#8211; L&#039;\u00c9quipe"},"content":{"rendered":"<ol>\n<li><a href=\"https:\/\/news.google.com\/rss\/articles\/CBMiygFBVV95cUxPamtkWjk1dUhlMzJhcGtnMkZOajVUX29KdU5DX1NqM2E3NkJ3RXpBcmhjZDF3cFB5OHlTT3lzX1ZEcFdSVDljT0VRNDRWLW1mcWYzT3ZUTEhOTzFfVVZwdlFfbUFpd1JnN3dvWmg0SUd3WUVKTWdQNUxlZFotS1Nhbm02djM3MmlEUFRtcDBKMkpxQW9JSGxQNWFnWXBHQ25sU0stVl9VX05TbDkwcDNuZFkzZUx4T0Z1SUYtSUZTMy1VM3ZCZ3lXNkNn?oc=5\" target=\"_blank\" rel=\"nofollow noopener\">Ex-commentateur sur Canal+, Bertrand Guillemin nomm\u00e9 Team Manager du Stade Fran\u00e7ais<\/a>&nbsp;&nbsp;L&rsquo;\u00c9quipe<\/li>\n<li><a href=\"https:\/\/news.google.com\/rss\/articles\/CBMitgFBVV95cUxQZ0dTaERWR0RnN0ZMUkpJQkxHYzNzNkx2MGtrWThxWFBSa1RhcV80THZSNGJjQ1VDa2NiWmpIVGJKLUY1UmVPTnNpQTZ1OFN0U21NWURoU2xkSV9mVVpFbHVjT2VnZGxSbmhxODFhR3hmLVVnTVFoYm0xMjc5RERfdkY2SVZGUHVUV05CdmJHbjBGYlFqek1ialhLM0ZvZzY1YW1fX3FKVzYxLVd2QzNNc28tVEVldw?oc=5\" target=\"_blank\" rel=\"nofollow noopener\">M\u00e9dia \u2013 Bertrand Guillemin annonce sa reconversion dans un club de Top 14<\/a>&nbsp;&nbsp;Rugbyrama<\/li>\n<li><a href=\"https:\/\/news.google.com\/rss\/articles\/CBMizAFBVV95cUxNQ0N4ek1RYlYzcWgwNWhLVXdqQ3lEZmZIXzJHS3BQd2trTGo2U2ZTbUh6MGZieW9tUDhtN0VXSXFhcU9wanpIa2EzeDdFT2ZacWFoM1NvNjdIT3FvU3IyM3NCd2gzTy1BSVVlX3BlZU96Q1g0b1JOdExib3BlM0NBYkJTQmFrRlZxZFRTLTBBRUdzM0JPZFdHSGhDZHhBVUwwN0RCUks5dzRHWG5Gd0lIVlpIT3BpdjhGUlRQU1ppUklOSUJOSXpSelg3enM?oc=5\" target=\"_blank\" rel=\"nofollow noopener\">Rugby. Le journaliste Bertrand Guillemin int\u00e8gre le staff d&rsquo;un club de Top 14<\/a>&nbsp;&nbsp;Actu.fr<\/li>\n<li><a href=\"https:\/\/news.google.com\/rss\/articles\/CBMi2AFBVV95cUxQdGs1eTF6UDE4OWdLdi05WXc5N0FvRDZ4TmR1Njd2MXlxTWlWSThXdVZ2S29oMzhMSHNRVzJRLXN2VWtNOWw5czVJZDctMklydHJnanFtLU1CbG51TGJtcTVOZEd2d3k5OGdQOWQtLThFSnJrVWh2TDdkTmMydW0xdVdPR1FIR0RjNm9oam1lbHVuV19vV2Q5RnR0NFRrWl9rYkxqQ3ZnX0p5OFJmRGhLM1BJZ2hNSWdPa0ViQ0FBaUI2X29nMkdUQXZFd1owaEFTaFI5VFhkNTfSAdcBQVVfeXFMTnJPOS12d2Q4RGoybXc2N1BVTm11VDAwNjZwRlRNM1h4cHo5RVVCRnpnb1ZZOFhUT2JoN3YxdnJLdnNZbHVlajJseUwyNml6VDFxcTdtbzFPQnViTy1oajJYbVppRUtjNkE4MFFxUEhHcnhqLXZia1UydXBGWTFKbmE2bVRKU0FmNWlrNElEX3d4a3NpbEhuOFZORl9UZTBkM0dYMkNUN2UtY29VTHZ6TktkeU5Kd0xIUS1rMVdOdXFyTWhZa2tGQVJGQlhEYU9hT294S0lPcnc?oc=5\" target=\"_blank\" rel=\"nofollow noopener\">Stade Fran\u00e7ais : Un ancien commentateur de Canal+ dans le staff<\/a>&nbsp;&nbsp;Orange Actualit\u00e9s | Sports<\/li>\n<li><a href=\"https:\/\/news.google.com\/rss\/articles\/CBMiygFBVV95cUxPaTMxQzVweTl2b0VlWHRTYzQyMlV1UHl0Wk0tdHFjWHgzaHRFVHNzeHB2ZGE2ZUlPYTBndDZXRFd0Y1BDSlZLTE53ZVlMVDZaN0VIbndNVWUyY2p0a1Yzb2xGUlE1UmtWNi1qZUxkTmt0Uk9IWmdMUE14OWp0MU1jUlp2Zm9XREFtdFlJdjRaNHcxVUd4M0RhNWNzMG1DdGVRRDFmMFlDQWRMRUtXbXh5LTNWVFZaRTZmMHE1WTNveFNwUlQ1LTRUS2ZR?oc=5\" target=\"_blank\" rel=\"nofollow noopener\">Top 14 : l\u2019ex-commentateur de Canal +, Bertrand Guillemin, int\u00e8gre le staff du Stade Fran\u00e7ais<\/a>&nbsp;&nbsp;Le Figaro<\/li>\n<\/ol>\n","protected":false},"excerpt":{"rendered":"Ex-commentateur sur Canal+, Bertrand Guillemin nomm\u00e9 Team Manager du Stade Fran\u00e7ais&nbsp;&nbsp;L&rsquo;\u00c9quipe M\u00e9dia \u2013 Bertrand Guillemin annonce sa reconversion&hellip;\n","protected":false},"author":2,"featured_media":362023,"comment_status":"","ping_status":"","sticky":false,"template":"","format":"standard","meta":{"footnotes":""},"categories":[1412],"tags":[1451,1452,1453,1454,1455,1011,27,60],"class_list":{"0":"post-362022","1":"post","2":"type-post","3":"status-publish","4":"format-standard","5":"has-post-thumbnail","7":"category-f1","8":"tag-f1","9":"tag-formula-1","10":"tag-formula1","11":"tag-formule-1","12":"tag-formule1","13":"tag-fr","14":"tag-france","15":"tag-sports"},"share_on_mastodon":{"url":"https:\/\/pubeurope.com\/@fr\/115137530053556886","error":""},"_links":{"self":[{"href":"https:\/\/www.europesays.com\/fr\/wp-json\/wp\/v2\/posts\/362022","targetHints":{"allow":["GET"]}}],"collection":[{"href":"https:\/\/www.europesays.com\/fr\/wp-json\/wp\/v2\/posts"}],"about":[{"href":"https:\/\/www.europesays.com\/fr\/wp-json\/wp\/v2\/types\/post"}],"author":[{"embeddable":true,"href":"https:\/\/www.europesays.com\/fr\/wp-json\/wp\/v2\/users\/2"}],"replies":[{"embeddable":true,"href":"https:\/\/www.europesays.com\/fr\/wp-json\/wp\/v2\/comments?post=362022"}],"version-history":[{"count":0,"href":"https:\/\/www.europesays.com\/fr\/wp-json\/wp\/v2\/posts\/362022\/revisions"}],"wp:featuredmedia":[{"embeddable":true,"href":"https:\/\/www.europesays.com\/fr\/wp-json\/wp\/v2\/media\/362023"}],"wp:attachment":[{"href":"https:\/\/www.europesays.com\/fr\/wp-json\/wp\/v2\/media?parent=362022"}],"wp:term":[{"taxonomy":"category","embeddable":true,"href":"https:\/\/www.europesays.com\/fr\/wp-json\/wp\/v2\/categories?post=362022"},{"taxonomy":"post_tag","embeddable":true,"href":"https:\/\/www.europesays.com\/fr\/wp-json\/wp\/v2\/tags?post=362022"}],"curies":[{"name":"wp","href":"https:\/\/api.w.org\/{rel}","templated":true}]}}