{"id":362026,"date":"2025-09-03T00:28:10","date_gmt":"2025-09-03T00:28:10","guid":{"rendered":"https:\/\/www.europesays.com\/fr\/362026\/"},"modified":"2025-09-03T00:28:10","modified_gmt":"2025-09-03T00:28:10","slug":"transfert-surprise-linvitation-inattendue-du-psg","status":"publish","type":"post","link":"https:\/\/www.europesays.com\/fr\/362026\/","title":{"rendered":"Transfert surprise\u00a0: L\u2019invitation inattendue du PSG\u00a0!"},"content":{"rendered":"<p class=\"heading\">Les derni\u00e8res heures du mercato ont r\u00e9serv\u00e9 quelques surprises, notamment du c\u00f4t\u00e9 du PSG. Alors que le club de la capitale s\u2019activait pour clore les derniers d\u00e9parts, les dirigeants parisiens en ont profit\u00e9 pour enregistrer l&rsquo;arriv\u00e9e de Khalil Ayari. L\u2019attaquant de 20 ans avait \u00e9t\u00e9 invit\u00e9 plus t\u00f4t cet \u00e9t\u00e9 au Campus afin d\u2019y passer des tests avant d\u2019\u00eatre recrut\u00e9.<\/p>\n<p>Le dernier jour du mercato a \u00e9t\u00e9 assez mouvement\u00e9 du c\u00f4t\u00e9 du <strong>PSG<\/strong>. Le club de la capitale est pass\u00e9 \u00e0 la vitesse sup\u00e9rieure pour boucler les d\u00e9parts de <strong>Marco Asensio<\/strong>, <strong>Randal Kolo Muani <\/strong>et <a href=\"https:\/\/le10sport.com\/football\/mercato\/psg-donnarumma-la-separation-electrique-en-coulisses-756575\" rel=\"nofollow noopener\" target=\"_blank\">Gianluigi Donnarumma<\/a>. Mais dans le m\u00eame temps, les dirigeants parisiens ont profit\u00e9 des derni\u00e8res heures avant que le march\u00e9 des transferts ne ferme ses portes pour finaliser un transfert surprise.<\/p>\n<p>                                            Khalil Ayari rejoint le PSG !<\/p>\n<p>En effet, le <strong>PSG<\/strong> s\u2019est attach\u00e9 les services de <strong>Khalil Ayari<\/strong>. L\u2019attaquant de 20 ans, qui \u00e9voluait avec le <strong>Stade Tunisien<\/strong> la saison pass\u00e9e, a rejoint l\u2019\u00e9quipe Espoirs des Rouge-et-Bleu. \u00ab Fiert\u00e9 du Bardo, \u00e9toile montante du football tunisien. Le Stade Tunisien confirme le transfert de Khalil Ayari au PSG et lui souhaite beaucoup de succ\u00e8s \u00bb peut-on d\u2019ailleurs lire sur le communiqu\u00e9 publi\u00e9 par son club formateur sur X.<\/p>\n<p>                                            Le PSG l&rsquo;avait invit\u00e9 \u00e0 passer des tests cet \u00e9t\u00e9<\/p>\n<p>Comme le rapporte Le Parisien, <strong>Khalil Ayari<\/strong> avait d\u00e9j\u00e0 fait ses premiers pas au Campus <strong>PSG<\/strong> plus t\u00f4t cet \u00e9t\u00e9. Reconnu pour ses qualit\u00e9s de dribble et de percussion, le jeune Tunisien avait \u00e9t\u00e9 invit\u00e9 \u00e0 passer des tests dans le centre d\u2019entra\u00eenement parisien. Et le crack de 20 ans a visiblement retenu l\u2019attention du <strong>PSG<\/strong>, qui l\u2019a enr\u00f4l\u00e9 cet \u00e9t\u00e9.<\/p>\n","protected":false},"excerpt":{"rendered":"Les derni\u00e8res heures du mercato ont r\u00e9serv\u00e9 quelques surprises, notamment du c\u00f4t\u00e9 du PSG. Alors que le club&hellip;\n","protected":false},"author":2,"featured_media":362027,"comment_status":"","ping_status":"","sticky":false,"template":"","format":"standard","meta":{"footnotes":""},"categories":[1410],"tags":[63,1011,27,60],"class_list":{"0":"post-362026","1":"post","2":"type-post","3":"status-publish","4":"format-standard","5":"has-post-thumbnail","7":"category-football","8":"tag-football","9":"tag-fr","10":"tag-france","11":"tag-sports"},"share_on_mastodon":{"url":"https:\/\/pubeurope.com\/@fr\/115137538123814241","error":""},"_links":{"self":[{"href":"https:\/\/www.europesays.com\/fr\/wp-json\/wp\/v2\/posts\/362026","targetHints":{"allow":["GET"]}}],"collection":[{"href":"https:\/\/www.europesays.com\/fr\/wp-json\/wp\/v2\/posts"}],"about":[{"href":"https:\/\/www.europesays.com\/fr\/wp-json\/wp\/v2\/types\/post"}],"author":[{"embeddable":true,"href":"https:\/\/www.europesays.com\/fr\/wp-json\/wp\/v2\/users\/2"}],"replies":[{"embeddable":true,"href":"https:\/\/www.europesays.com\/fr\/wp-json\/wp\/v2\/comments?post=362026"}],"version-history":[{"count":0,"href":"https:\/\/www.europesays.com\/fr\/wp-json\/wp\/v2\/posts\/362026\/revisions"}],"wp:featuredmedia":[{"embeddable":true,"href":"https:\/\/www.europesays.com\/fr\/wp-json\/wp\/v2\/media\/362027"}],"wp:attachment":[{"href":"https:\/\/www.europesays.com\/fr\/wp-json\/wp\/v2\/media?parent=362026"}],"wp:term":[{"taxonomy":"category","embeddable":true,"href":"https:\/\/www.europesays.com\/fr\/wp-json\/wp\/v2\/categories?post=362026"},{"taxonomy":"post_tag","embeddable":true,"href":"https:\/\/www.europesays.com\/fr\/wp-json\/wp\/v2\/tags?post=362026"}],"curies":[{"name":"wp","href":"https:\/\/api.w.org\/{rel}","templated":true}]}}