{"id":362028,"date":"2025-09-03T00:29:11","date_gmt":"2025-09-03T00:29:11","guid":{"rendered":"https:\/\/www.europesays.com\/fr\/362028\/"},"modified":"2025-09-03T00:29:11","modified_gmt":"2025-09-03T00:29:11","slug":"lex-aventurier-devoile-la-cause-de-son-ins","status":"publish","type":"post","link":"https:\/\/www.europesays.com\/fr\/362028\/","title":{"rendered":"l\u2019ex-aventurier d\u00e9voile la cause de son ins &#8230;"},"content":{"rendered":"<p>EN BREF<\/p>\n<ul class=\"bloc_resume_post_list\">\n<li>Le 1er septembre, Moundir, ex-candidat de Koh-Lanta, a<br \/>\n\u00e9t\u00e9 hospitalis\u00e9 en urgence pour des douleurs intenses.<\/li>\n<li>Il a \u00e9t\u00e9 diagnostiqu\u00e9 avec une colique n\u00e9phr\u00e9tique,<br \/>\nn\u00e9cessitant un traitement \u00e0 la morphine.<\/li>\n<li>La douleur, d\u00e9crite comme comparable \u00e0 un accouchement, a<br \/>\nr\u00e9v\u00e9l\u00e9 un caillot de 5 mm au rein gauche.<\/li>\n<\/ul>\n<p data-start=\"194\" data-end=\"628\"><a href=\"https:\/\/www.telestar.fr\/tele-realite\/interview.-moundir-dans-la-bataille-des-couples-3-j-ai-aide-certains-candidat-653506\" rel=\"nofollow noopener\" target=\"_blank\"><br \/>\nMoundir<\/a>, ancien candidat embl\u00e9matique de <a href=\"https:\/\/www.telestar.fr\/tele_realite\/mort-de-gege-koh-lanta-son-fils-lance-un-appel-a-laide-pour-payer-ses-obseques-1736435\" rel=\"nofollow noopener\" target=\"_blank\"><br \/>\nKoh-Lanta<\/a>, s\u2019est de<br \/>\nnouveau retrouv\u00e9 sous les feux des <strong>projecteurs<\/strong>. La<br \/>\nraison ? Pas pour les raisons qu\u2019il aurait souhait\u00e9es. Dans une<br \/>\nstory publi\u00e9e ce lundi 1er septembre, il a r\u00e9v\u00e9l\u00e9 avoir \u00e9t\u00e9<br \/>\n<strong>hospitalis\u00e9<\/strong> en <strong>urgence<\/strong>, terrass\u00e9<br \/>\npar des <strong>douleurs d\u2019une intensit\u00e9 extr\u00eame<\/strong>. Le<br \/>\nvisage marqu\u00e9 par la <strong>fatigue<\/strong>, il s\u2019est adress\u00e9 \u00e0<br \/>\nses abonn\u00e9s pour les rassurer tout en partageant<br \/>\n<strong>l\u2019\u00e9preuve<\/strong> qu\u2019il traverse.<\/p>\n<p data-start=\"630\" data-end=\"982\">Celui qui a marqu\u00e9 l\u2019histoire du<br \/>\njeu d\u2019aventure avec ses <strong>r\u00e9pliques<\/strong> cultes a connu<br \/>\nces derni\u00e8res ann\u00e9es plusieurs passages<br \/>\n<strong>difficiles<\/strong>, notamment un <a href=\"https:\/\/www.telestar.fr\/actu-tv\/moundir-atteint-du-covid-19-les-nouvelles-tres-inquietantes-de-sa-femme-ines-590489\" rel=\"nofollow noopener\" target=\"_blank\"><br \/>\nCovid long<\/a> qui avait failli lui co\u00fbter la vie. Mari\u00e9 \u00e0 In\u00e8s et<br \/>\np\u00e8re de trois enfants, il semblait avoir retrouv\u00e9 une certaine<br \/>\n<strong>s\u00e9r\u00e9nit\u00e9<\/strong>. Mais cette fois encore, la sant\u00e9 l\u2019a<br \/>\n<strong>brutalement<\/strong> rappel\u00e9 \u00e0 l\u2019ordre.<\/p>\n<p>Moundir frapp\u00e9 par la<br \/>\nmaladie<\/p>\n<p data-start=\"1039\" data-end=\"1510\">Tout a commenc\u00e9 par de vives<br \/>\n<strong>douleurs<\/strong> situ\u00e9es au-dessus du rein. <a href=\"https:\/\/www.telestar.fr\/people\/moundir-complice-avec-son-fils-ali-il-partage-une-adorable-photo-de-famille-528535\" rel=\"nofollow noopener\" target=\"_blank\"><br \/>\nL\u2019ancien aventurier de Koh Lanta<\/a> a alors tent\u00e9 de supporter<br \/>\ntant bien que mal. Avant un voyage pr\u00e9vu \u00e0 Toulouse avec son<br \/>\n\u00e9pouse, la <strong>souffrance<\/strong> l\u2019a contraint \u00e0 un premier<br \/>\npassage \u00e0 l\u2019h\u00f4pital o\u00f9 il a \u00e9t\u00e9 soulag\u00e9 par de la<br \/>\n<strong>morphine<\/strong>. Le diagnostic est alors tomb\u00e9 : une<br \/>\n<strong>colique n\u00e9phr\u00e9tique.<\/strong> \u201c<strong data-start=\"1378\" data-end=\"1460\">Jamais entendu \u00e7a de ma vie,<\/strong> je<br \/>\ncroyais que c\u2019\u00e9tait un <strong data-start=\"1378\" data-end=\"1460\">paquet de g\u00e2teaux<\/strong>, bref.\u201d a-t-il confi\u00e9 avec<br \/>\nson franc-parler habituel.<\/p>\n<p data-start=\"1512\" data-end=\"1941\">Mais le r\u00e9pit n\u2019a \u00e9t\u00e9 que de<br \/>\ncourte dur\u00e9e. D\u00e8s l\u2019arr\u00eat de la morphine, la douleur est revenue et<br \/>\nelle \u00e9tait <strong>insupportable<\/strong>. L\u00a0\u00bb\u00e9pouse de l&rsquo;ancien<br \/>\npr\u00e9sentateur de <a href=\"https:\/\/www.telestar.fr\/tele-realite\/les-apprentis-aventuriers-cet-ex-gagnant-de-koh-lanta-qui-remplace-moundir-a-l-animation-522926\" rel=\"nofollow noopener\" target=\"_blank\"><br \/>\nMoundir et les apprentis aventuriers<\/a> a alors pris la d\u00e9cision<br \/>\nde l\u2019emmener de nouveau aux <strong>urgences<\/strong> face \u00e0 une<br \/>\n<strong>fi\u00e8vre<\/strong> soudaine inqui\u00e9tante. Un scanner a r\u00e9v\u00e9l\u00e9<br \/>\nla pr\u00e9sence d\u2019un <strong>caillot de 5 millim\u00e8tres<\/strong><br \/>\nau-dessus du rein gauche, \u00e0 l\u2019origine de cette souffrance qu\u2019il<br \/>\nd\u00e9crit comme \u201c<strong data-start=\"1876\" data-end=\"1937\">horrible, on a envie de se cogner la t\u00eate contre les<br \/>\nmurs.<\/strong>\u201d<\/p>\n<p>Une<br \/>\ndouleur jug\u00e9e comparable \u00e0 celle de l\u2019accouchement<\/p>\n<p data-start=\"2010\" data-end=\"2358\">Hospitalis\u00e9 pour pr\u00e9venir tout<br \/>\nrisque <strong>d\u2019infection<\/strong> sanguine, <a href=\"https:\/\/www.telestar.fr\/people\/moundir-revient-de-tres-tres-loin-ines-donne-des-nouvelles-de-son-mari-hospitalise-589631\" rel=\"nofollow noopener\" target=\"_blank\"><br \/>\nl&rsquo;animateur Moundir<\/a> a expliqu\u00e9 que son seul objectif d\u00e9sormais<br \/>\nest clair. <strong>\u201cRetirer cette petite m**de qui<br \/>\nd\u00e9fonce\u201d<\/strong>. L\u2019aventurier a \u00e9galement rapport\u00e9 les<br \/>\npropos d\u2019un m\u00e9decin urgentiste. Selon lui, la<br \/>\n<strong>douleur<\/strong> d\u2019une <strong>colique n\u00e9phr\u00e9tique<\/strong><br \/>\nest comparable \u00e0 celle ressentie lors d\u2019un<br \/>\n<strong>accouchement<\/strong>.<\/p>\n<p data-start=\"2360\" data-end=\"2696\">\u201cJe peux vous assurer que<br \/>\nc\u2019est <strong>intenable. J\u2019arrive \u00e0 tenir sur une fracture de<br \/>\ntibia. Mais cette douleur-l\u00e0, j\u2019esp\u00e8re ne plus jamais, jamais la<br \/>\nsubir.<\/strong>\u201d a-t-il conclu dans son message. Un t\u00e9moignage<br \/>\n<strong>poignant<\/strong> qui illustre \u00e0 quel point l\u2019ex-aventurier<br \/>\nreste un <strong>battant<\/strong>\u00a0face \u00e0 des \u00e9preuves<br \/>\nm\u00e9dicales d\u2019une <strong>intensit\u00e9<\/strong> redoutable.<\/p>\n","protected":false},"excerpt":{"rendered":"EN BREF Le 1er septembre, Moundir, ex-candidat de Koh-Lanta, a \u00e9t\u00e9 hospitalis\u00e9 en urgence pour des douleurs intenses.&hellip;\n","protected":false},"author":2,"featured_media":362029,"comment_status":"","ping_status":"","sticky":false,"template":"","format":"standard","meta":{"footnotes":""},"categories":[1359],"tags":[548,58,59,1011,27,49726,973],"class_list":{"0":"post-362028","1":"post","2":"type-post","3":"status-publish","4":"format-standard","5":"has-post-thumbnail","7":"category-people","8":"tag-article-simple","9":"tag-divertissement","10":"tag-entertainment","11":"tag-fr","12":"tag-france","13":"tag-moundir-et-les-apprentis-aventuriers","14":"tag-people"},"share_on_mastodon":{"url":"https:\/\/pubeurope.com\/@fr\/115137541836184188","error":""},"_links":{"self":[{"href":"https:\/\/www.europesays.com\/fr\/wp-json\/wp\/v2\/posts\/362028","targetHints":{"allow":["GET"]}}],"collection":[{"href":"https:\/\/www.europesays.com\/fr\/wp-json\/wp\/v2\/posts"}],"about":[{"href":"https:\/\/www.europesays.com\/fr\/wp-json\/wp\/v2\/types\/post"}],"author":[{"embeddable":true,"href":"https:\/\/www.europesays.com\/fr\/wp-json\/wp\/v2\/users\/2"}],"replies":[{"embeddable":true,"href":"https:\/\/www.europesays.com\/fr\/wp-json\/wp\/v2\/comments?post=362028"}],"version-history":[{"count":0,"href":"https:\/\/www.europesays.com\/fr\/wp-json\/wp\/v2\/posts\/362028\/revisions"}],"wp:featuredmedia":[{"embeddable":true,"href":"https:\/\/www.europesays.com\/fr\/wp-json\/wp\/v2\/media\/362029"}],"wp:attachment":[{"href":"https:\/\/www.europesays.com\/fr\/wp-json\/wp\/v2\/media?parent=362028"}],"wp:term":[{"taxonomy":"category","embeddable":true,"href":"https:\/\/www.europesays.com\/fr\/wp-json\/wp\/v2\/categories?post=362028"},{"taxonomy":"post_tag","embeddable":true,"href":"https:\/\/www.europesays.com\/fr\/wp-json\/wp\/v2\/tags?post=362028"}],"curies":[{"name":"wp","href":"https:\/\/api.w.org\/{rel}","templated":true}]}}