{"id":362030,"date":"2025-09-03T00:30:12","date_gmt":"2025-09-03T00:30:12","guid":{"rendered":"https:\/\/www.europesays.com\/fr\/362030\/"},"modified":"2025-09-03T00:30:12","modified_gmt":"2025-09-03T00:30:12","slug":"le-recit-fascinant-derriere-ce-cliche-electrique","status":"publish","type":"post","link":"https:\/\/www.europesays.com\/fr\/362030\/","title":{"rendered":"le r\u00e9cit fascinant derri\u00e8re ce clich\u00e9 \u00e9lectrique"},"content":{"rendered":"<p>            Par<br \/>\n        <strong><br \/>\n            <a href=\"https:\/\/actu.fr\/auteur\/antoine-heureu-2\" title=\"Consulter tous les articles de Antoine Hereu\" rel=\"nofollow noopener\" target=\"_blank\">Antoine Hereu<\/a><br \/>\n        <\/strong><\/p>\n<p>        Publi\u00e9 le<\/p>\n<p>            2 sept. 2025 \u00e0 19h31        <\/p>\n<p>Il est<strong> 2h05<\/strong> du matin, ce <strong>lundi 1er septembre<\/strong>. Alors que le chasseur d\u2019orages et agrom\u00e9t\u00e9orologue <strong>Serge Zaka<\/strong> poursuit sa qu\u00eate d\u2019un clich\u00e9 d\u2019orage entre le<strong> Pic Saint-Loup<\/strong> et <strong>l\u2019Hortus<\/strong>, le ciel s\u2019embrase soudainement. Depuis sept ans, il traque cette image, multipliant une trentaine de tentatives. Cette fois, c\u2019est la bonne. \u00ab J\u2019ai eu beaucoup de chance : un premier orage est pass\u00e9 et a nettoy\u00e9 le ciel, avant qu\u2019un deuxi\u00e8me, impr\u00e9vu, ne surgisse et traverse les deux monts avec une bien meilleure visibilit\u00e9 \u00bb, confie-t-il, le sourire perceptible jusque derri\u00e8re le t\u00e9l\u00e9phone.<\/p>\n<p class=\" wall-content\"><a href=\"https:\/\/www.instagram.com\/p\/DODeVHriDNv\/embed\" title=\"Ouvrir le lien sur Instagram\" rel=\"nofollow noopener\" target=\"_blank\">Visualiser le contenu sur Instagram<\/a><\/p>\n<p>De la chance, mais pas que<\/p>\n<p class=\" wall-content\">Il en fallait, de la chance, pour r\u00e9ussir \u00e0 capturer ces six \u00e9clairs formant comme une barri\u00e8re de foudre entre les deux sommets h\u00e9raultais. Mais, comme le disait Confucius, \u00ab la chance est bien souvent un hasard qui se provoque \u00bb. Et si les conditions m\u00e9t\u00e9orologiques \u00e9taient id\u00e9ales, la ma\u00eetrise technique a aussi jou\u00e9 un r\u00f4le d\u00e9cisif. \u00ab <strong>La photo dure 133 secondes<\/strong>. L\u2019orage avait coup\u00e9 l\u2019\u00e9lectricit\u00e9 dans la vall\u00e9e, j\u2019ai donc opt\u00e9 pour un temps de pose tr\u00e8s long afin de capter davantage de lumi\u00e8re \u00bb, explique Serge. Durant cette exposition, six \u00e9clairs ont frapp\u00e9 le sol : cinq quasiment simultan\u00e9s, suivis d\u2019un dernier quelques secondes plus tard.<\/p>\n<p class=\" wall-content\">Apr\u00e8s quelques retouches en post-production, l\u2019une des photos de sa vie est n\u00e9e. \u00ab J\u2019ai surtout travaill\u00e9 la lumi\u00e8re et le contraste, car le paysage \u00e9tait extr\u00eamement sombre \u00e0 cause de la coupure d\u2019\u00e9lectricit\u00e9 dans la vall\u00e9e. Mais les couleurs restent naturelles, avec ce bleu et ce vert \u00bb, pr\u00e9cise le chasseur d\u2019orages. Et si l\u2019on pourrait croire \u00e0 un photomontage, il n\u2019en est rien : aucun \u00e9clair n\u2019a \u00e9t\u00e9 ajout\u00e9, aucune superposition r\u00e9alis\u00e9e.<\/p>\n<p>\u00ab\u00a0Je ne r\u00e9alise toujours pas\u00a0\u00bb<\/p>\n<p class=\" wall-content\">Alors que l\u2019un des clich\u00e9s de sa vie venait d\u2019\u00eatre captur\u00e9, Serge Zaka n\u2019a pu d\u00e9couvrir son Saint Graal qu\u2019une fois \u00e0 l\u2019abri, dans sa voiture. \u00ab Nous \u00e9tions sur une colline assez expos\u00e9e aux orages. Alors que j\u2019\u00e9tais assis par terre aux c\u00f4t\u00e9s de vos confr\u00e8res de France Inter et que je r\u00e9pondais \u00e0 une question \u00e0 leur micro, un grand flash blanc a illumin\u00e9 le ciel, suivi d\u2019une impressionnante d\u00e9tonation. \u00bb Apr\u00e8s la stupeur, Serge comprend qu\u2019il vient peut-\u00eatre de r\u00e9aliser l\u2019un des objectifs photographiques de sa carri\u00e8re. \u00ab Je ne r\u00e9alise toujours pas, je crois \u00bb, confie-t-il encore.<\/p>\n<p class=\" wall-content\">Car oui, les objectifs sont de v\u00e9ritables moteurs pour les photographes. Apr\u00e8s avoir atteint un premier r\u00eave en 2020 avec sa c\u00e9l\u00e8bre photo \u2014 fruit de seize ans d\u2019attente \u2014 d\u2019un orage sur la mer, du c\u00f4t\u00e9 de Cannes, <strong>\u00e9lue plus belle photo m\u00e9t\u00e9o du monde en 2021<\/strong>, le clich\u00e9 d\u2019hier s\u2019impose comme un deuxi\u00e8me accomplissement exceptionnel pour l\u2019agrom\u00e9t\u00e9orologue passionn\u00e9 d\u2019orages.<\/p>\n<p>Vid\u00e9os : en ce moment sur Actu<\/p>\n<p class=\" wall-content\"><a href=\"https:\/\/www.instagram.com\/p\/CJlr69Gr-gH\/embed\" title=\"Ouvrir le lien sur Instagram\" rel=\"nofollow noopener\" target=\"_blank\">Visualiser le contenu sur Instagram<\/a><\/p>\n<p class=\" wall-content\">Et \u00e0 la question \u00ab quel est le prochain objectif ? \u00bb, Serge h\u00e9site. Deux possibilit\u00e9s se d\u00e9tachent. \u00ab Je r\u00eave de photographier des <strong>farfadets<\/strong> depuis le Pic Saint-Loup ou l\u2019Hortus. Mais pour cela, il faudrait que des orages \u00e9clatent soit \u00e0 <strong>Biarritz<\/strong>, soit \u00e0 <strong>G\u00eanes<\/strong>, car ces ph\u00e9nom\u00e8nes doivent \u00eatre captur\u00e9s \u00e0 plusieurs centaines de kilom\u00e8tres de distance. \u00bb Un d\u00e9fi quasi impossible, tant la probabilit\u00e9 est infime : seul un \u00e9clair sur environ 10 000 donne naissance \u00e0 un farfadet. Son autre ambition se tourne vers l\u2019Aveyron : \u00ab Photographier le<strong> viaduc de Millau<\/strong> frapp\u00e9 par la foudre serait incroyable. J\u2019essaie depuis neuf ans\u2026 et c\u2019est toujours un \u00e9chec. \u00bb<\/p>\n<p>    <img   decoding=\"async\" loading=\"lazy\" src=\"https:\/\/www.europesays.com\/fr\/wp-content\/uploads\/2025\/09\/farfadets-nice-960x640.jpg\" alt=\"Des farfadets, ph\u00e9nom\u00e8ne rarissime, ont \u00e9t\u00e9 observ\u00e9s dans le ciel de Nice\" width=\"960\" height=\"640\"\/><br \/>\n    Des farfadets, ph\u00e9nom\u00e8ne rarissime, ont \u00e9t\u00e9 observ\u00e9s dans le ciel de Nice (\u00a9Kate Jacqueline et Christophe Suarez \/ document remis \u00e0 actu Nice)<\/p>\n<p>Votre r\u00e9gion, votre actu !<\/p>\n<p>Recevez chaque jour les infos qui comptent pour vous.<\/p>\n<p>\t<a href=\"https:\/\/actu.fr\/newsletter\" class=\"ac-btn ac-btn--corner ac-btn--medium ac-btn--blue800\" rel=\"nofollow noopener\" target=\"_blank\">S&rsquo;incrire<\/a><br \/>\nUne r\u00e9gion parfaite pour les orages<\/p>\n<p class=\" wall-content\">Si les orages se produisent partout dans le monde, l\u2019Occitanie et plus particuli\u00e8rement l\u2019H\u00e9rault semblent offrir un terrain id\u00e9al \u00e0 Serge Zaka. \u00ab Je n\u2019ai pas besoin d\u2019aller plus au nord ou tr\u00e8s loin, cette r\u00e9gion est parfaite, c\u2019est aussi pour cela que j\u2019y habite \u00bb, confie-t-il. Soucieux de son empreinte carbone et d\u00e9sireux de limiter son impact environnemental, cet amoureux de la foudre entend bien tirer le meilleur parti de ce petit paradis pour passionn\u00e9s d\u2019orages.<\/p>\n<p class=\" wall-content\">Personnalisez votre actualit\u00e9 en ajoutant vos villes et m\u00e9dias en favori avec <a href=\"https:\/\/moncompte.actu.fr\" title=\"D\u00e9couvez Mon Actu\" rel=\"nofollow noopener\" data-trk=\"{&quot;cta&quot;:{&quot;action&quot;:&quot;https:\\\/\\\/moncompte.actu.fr&quot;,&quot;category&quot;:&quot;mon compte&quot;,&quot;from&quot;:&quot;article footer&quot;,&quot;name&quot;:&quot;Mon actu&quot;,&quot;type&quot;:&quot;cta&quot;}}\" target=\"_blank\">Mon Actu<\/a>.<\/p>\n<p>                    <script async src=\"\/\/www.instagram.com\/embed.js\"><\/script><\/p>\n","protected":false},"excerpt":{"rendered":"Par Antoine Hereu Publi\u00e9 le 2 sept. 2025 \u00e0 19h31 Il est 2h05 du matin, ce lundi 1er&hellip;\n","protected":false},"author":2,"featured_media":362031,"comment_status":"","ping_status":"","sticky":false,"template":"","format":"standard","meta":{"footnotes":""},"categories":[1358],"tags":[1348,1384,1385,1386,58,59,1011,27,104],"class_list":{"0":"post-362030","1":"post","2":"type-post","3":"status-publish","4":"format-standard","5":"has-post-thumbnail","7":"category-arts-et-design","8":"tag-arts","9":"tag-arts-and-design","10":"tag-arts-et-design","11":"tag-design","12":"tag-divertissement","13":"tag-entertainment","14":"tag-fr","15":"tag-france","16":"tag-societe"},"share_on_mastodon":{"url":"https:\/\/pubeurope.com\/@fr\/115137546041721561","error":""},"_links":{"self":[{"href":"https:\/\/www.europesays.com\/fr\/wp-json\/wp\/v2\/posts\/362030","targetHints":{"allow":["GET"]}}],"collection":[{"href":"https:\/\/www.europesays.com\/fr\/wp-json\/wp\/v2\/posts"}],"about":[{"href":"https:\/\/www.europesays.com\/fr\/wp-json\/wp\/v2\/types\/post"}],"author":[{"embeddable":true,"href":"https:\/\/www.europesays.com\/fr\/wp-json\/wp\/v2\/users\/2"}],"replies":[{"embeddable":true,"href":"https:\/\/www.europesays.com\/fr\/wp-json\/wp\/v2\/comments?post=362030"}],"version-history":[{"count":0,"href":"https:\/\/www.europesays.com\/fr\/wp-json\/wp\/v2\/posts\/362030\/revisions"}],"wp:featuredmedia":[{"embeddable":true,"href":"https:\/\/www.europesays.com\/fr\/wp-json\/wp\/v2\/media\/362031"}],"wp:attachment":[{"href":"https:\/\/www.europesays.com\/fr\/wp-json\/wp\/v2\/media?parent=362030"}],"wp:term":[{"taxonomy":"category","embeddable":true,"href":"https:\/\/www.europesays.com\/fr\/wp-json\/wp\/v2\/categories?post=362030"},{"taxonomy":"post_tag","embeddable":true,"href":"https:\/\/www.europesays.com\/fr\/wp-json\/wp\/v2\/tags?post=362030"}],"curies":[{"name":"wp","href":"https:\/\/api.w.org\/{rel}","templated":true}]}}