{"id":362032,"date":"2025-09-03T00:31:10","date_gmt":"2025-09-03T00:31:10","guid":{"rendered":"https:\/\/www.europesays.com\/fr\/362032\/"},"modified":"2025-09-03T00:31:10","modified_gmt":"2025-09-03T00:31:10","slug":"forces-vives-avec-laura-vazquez","status":"publish","type":"post","link":"https:\/\/www.europesays.com\/fr\/362032\/","title":{"rendered":"Forces vives, avec Laura Vazquez"},"content":{"rendered":"<p class=\"PopSlotParagraph qg-tx2 qg-xtra-lh svelte-1r0pyek\">Laura Vazquez, laur\u00e9ate du prix Wepler 2021 pour son premier roman La semaine perp\u00e9tuelle,\u00a0est l\u2019invit\u00e9e du Book Club \u00e0 l\u2019occasion de la parution de son second roman intitul\u00e9 Les forces aux \u00e9ditions du Sous-sol. Au c\u0153ur de ce livre, une narratrice, son corps, ses questions, sa voix traversant diff\u00e9rents\u00a0espaces. Comme l&rsquo;ont fait avant-elle des h\u00e9ros antiques, elle est soumise \u00e0 des puissances, des lois. Celle du langage, celle de la rencontre, celle de la volont\u00e9 qu&rsquo;il s&rsquo;agirait de dissoudre, celle des origines, celle de l&rsquo;ordre social, celle du vivant. Il y a quelque\u00a0chose des textes anciens dans ce roman, qui se tisse de citations d\u2019autrices et d\u2019auteurs, mentionn\u00e9s en marge de la page, et ne recule pas devant la pens\u00e9e de grands concepts\u00a0: le vrai, le mal, le bien, le beau, le soi, le dedans, le dehors. Le texte se demande ce qui est l\u00e0, mais pas toujours pourquoi, et sa lecture est absolument vivifiante.<\/p>\n<ul>\n<li>Laura Vazquez nous explique que pour elle, l\u2019\u00e9criture doit \u00eatre vivante et active\u00a0: \u00ab\u00a0Au d\u00e9but, je\u00a0n&rsquo;avais pas vraiment de projet, j&rsquo;ai juste suivi cette voix de la narratrice et c&rsquo;est comme \u00e7a que le texte s&rsquo;est d\u00e9velopp\u00e9, en suivant son rythme, sa musicalit\u00e9 et sa justesse. Je n&rsquo;avais pas le souhait de coller \u00e0 tel ou tel style ou de mettre en avant telle ou telle id\u00e9e ou, pire encore, d&rsquo;en d\u00e9fendre une. En revanche, quand j&rsquo;\u00e9cris, je garde en t\u00eate, ou plut\u00f4t en corps, la fonction primitive et le pouvoir d\u2019action de l&rsquo;\u00e9criture et de la po\u00e9sie. Je n&rsquo;\u00e9cris pas un texte pour qu&rsquo;il soit agr\u00e9able, bien fait, ou qu&rsquo;il donne du plaisir au lecteur, je l\u2019\u00e9cris en esp\u00e9rant qu&rsquo;il soit assez juste et assez vivant pour agir sur la lectrice ou le lecteur.\u00a0\u00bb<\/li>\n<\/ul>\n<ul>\n<li>Pour Laura Vazquez, \u00e9crire au r\u00e9veil est un moyen de se faire surprendre par des \u00e9motions diff\u00e9rentes\u00a0:\u00a0\u00bb Le moment o\u00f9 j&rsquo;\u00e9cris a son importance, parce que j&rsquo;\u00e9cris d\u00e8s le r\u00e9veil. Donc, je suis encore dans cet \u00e9tat proche de l&rsquo;espace des r\u00eaves, et sans recul sur ce qui arrive. Dans les r\u00eaves, quoi qu\u2019il arrive ce sera accept\u00e9\u00a0: les morts peuvent revivre, ou le ciel peut se trouver sous nos pieds. Je pense que le fait d\u2019\u00e9crire \u00e0 ce moment-l\u00e0, cela donne lieu \u00e0 une grande vari\u00e9t\u00e9 ou une grande profondeur d\u2019\u00e9motions que je n\u2019ai pas forc\u00e9ment habituellement dans mon quotidien.\u00a0\u00bb<\/li>\n<\/ul>\n<p>La question de l\u2019auditrice<\/p>\n<ul>\n<li>La question de C\u00e9cile @cecile_navarra_ \u00e0 l\u2019attention de Laura Vasquez\u00a0: \u00ab\u00a0D\u00e8s les premi\u00e8res pages de votre livre, j&rsquo;ai ressenti le besoin visc\u00e9ral de lire le texte \u00e0 voix haute afin de cracher les mots quelque part. Je me suis m\u00eame surprise \u00e0 changer de ton, allant jusqu&rsquo;\u00e0 crier le texte, tant il devient de plus en plus organique, visc\u00e9ral au fil des pages.\u00a0Je souhaite vraiment \u00e0 chacune et \u00e0 chacun d&rsquo;en faire l&rsquo;exp\u00e9rience. Les forces est un tr\u00e8s grand livre qui laissera au lecteur un souvenir \u00e0 la fois imp\u00e9rissable et salvateur. Alors, pouvez-vous nous dire d&rsquo;o\u00f9 viennent nos forces\u00a0? O\u00f9 sont-elles aujourd&rsquo;hui et qu&rsquo;en faisons-nous\u00a0?\u00a0\u00bb<\/li>\n<\/ul>\n<p>Le grand jeu des pages musicales<\/p>\n<ul>\n<li>Aujourd\u2019hui, on doit la trouvaille \u00e0 Eloi qui nous a \u00e9crit via le mail Book Club. Elle se trouve dans le livre de Yannick Haenel Les renards p\u00e2les (Gallimard), et il s\u2019agit de la chanson Second Meeting d&rsquo;Anthony Braxton<\/li>\n<\/ul>\n<p class=\"PopSlotParagraph qg-tx2 qg-xtra-lh svelte-1r0pyek\"><strong>Rejoignez la grande communaut\u00e9 du Book Club et partagez vos exp\u00e9riences de lecture sur notre compte Instagram \/ @bookclubculture_ ! Vous pouvez aussi nous \u00e9crire par mail\u00a0:<\/strong>\u00a0<strong>lebookclub@radiofrance.com<\/strong><\/p>\n<p> Archives<\/p>\n<ul>\n<li>Dennis Cooper, \u00e9mission Par les temps qui courent, Marie Richeux, France Culture, 14\/04\/2022<\/li>\n<li>Sonnet VII de Louise Lab\u00e9 par la Cie Das Plateau<\/li>\n<\/ul>\n<p>R\u00e9f\u00e9rences musicales<\/p>\n<ul>\n<li>Thom Yorke, Analyse<\/li>\n<li>Galya Bisengalieva, Moynaq<\/li>\n<li>BJ Nilson, Fish Is God<\/li>\n<li>Anthony Braxton, Fourth meeting<\/li>\n<\/ul>\n","protected":false},"excerpt":{"rendered":"Laura Vazquez, laur\u00e9ate du prix Wepler 2021 pour son premier roman La semaine perp\u00e9tuelle,\u00a0est l\u2019invit\u00e9e du Book Club&hellip;\n","protected":false},"author":2,"featured_media":362033,"comment_status":"","ping_status":"","sticky":false,"template":"","format":"standard","meta":{"footnotes":""},"categories":[1357],"tags":[1379,58,59,1011,27,1380],"class_list":{"0":"post-362032","1":"post","2":"type-post","3":"status-publish","4":"format-standard","5":"has-post-thumbnail","7":"category-livres","8":"tag-books","9":"tag-divertissement","10":"tag-entertainment","11":"tag-fr","12":"tag-france","13":"tag-livres"},"share_on_mastodon":{"url":"https:\/\/pubeurope.com\/@fr\/115137549642317864","error":""},"_links":{"self":[{"href":"https:\/\/www.europesays.com\/fr\/wp-json\/wp\/v2\/posts\/362032","targetHints":{"allow":["GET"]}}],"collection":[{"href":"https:\/\/www.europesays.com\/fr\/wp-json\/wp\/v2\/posts"}],"about":[{"href":"https:\/\/www.europesays.com\/fr\/wp-json\/wp\/v2\/types\/post"}],"author":[{"embeddable":true,"href":"https:\/\/www.europesays.com\/fr\/wp-json\/wp\/v2\/users\/2"}],"replies":[{"embeddable":true,"href":"https:\/\/www.europesays.com\/fr\/wp-json\/wp\/v2\/comments?post=362032"}],"version-history":[{"count":0,"href":"https:\/\/www.europesays.com\/fr\/wp-json\/wp\/v2\/posts\/362032\/revisions"}],"wp:featuredmedia":[{"embeddable":true,"href":"https:\/\/www.europesays.com\/fr\/wp-json\/wp\/v2\/media\/362033"}],"wp:attachment":[{"href":"https:\/\/www.europesays.com\/fr\/wp-json\/wp\/v2\/media?parent=362032"}],"wp:term":[{"taxonomy":"category","embeddable":true,"href":"https:\/\/www.europesays.com\/fr\/wp-json\/wp\/v2\/categories?post=362032"},{"taxonomy":"post_tag","embeddable":true,"href":"https:\/\/www.europesays.com\/fr\/wp-json\/wp\/v2\/tags?post=362032"}],"curies":[{"name":"wp","href":"https:\/\/api.w.org\/{rel}","templated":true}]}}