{"id":362034,"date":"2025-09-03T00:32:10","date_gmt":"2025-09-03T00:32:10","guid":{"rendered":"https:\/\/www.europesays.com\/fr\/362034\/"},"modified":"2025-09-03T00:32:10","modified_gmt":"2025-09-03T00:32:10","slug":"greg-yega-star-de-la-tele-realite-les-marseillais-agresse-pour-la-dixieme-fois-a-marseille","status":"publish","type":"post","link":"https:\/\/www.europesays.com\/fr\/362034\/","title":{"rendered":"Greg Yega, star de la t\u00e9l\u00e9-r\u00e9alit\u00e9 \u00abLes Marseillais\u00bb, agress\u00e9 \u00abpour la dixi\u00e8me fois\u00bb \u00e0 Marseille"},"content":{"rendered":"<p>L\u2019influenceur dit ne plus se sentir \u00aben s\u00e9curit\u00e9\u00bb apr\u00e8s avoir \u00e9t\u00e9 agress\u00e9 dans la cit\u00e9 phoc\u00e9enne samedi. Le trentenaire assure \u00eatre lass\u00e9 de ces violences.<\/p>\n<p class=\"fig-paragraph\">C\u2019est la fois de trop pour l\u2019influenceur Greg Yega. Connu par son r\u00f4le de candidat de t\u00e9l\u00e9r\u00e9alit\u00e9\u00a0<a href=\"https:\/\/tvmag.lefigaro.fr\/programme-tv\/les-marseillais-vs-le-reste-du-monde-inquietude-pour-une-candidate-victime-d-une-septicemie_2245740a-43d9-11ec-8cde-5ea945c6f3f8\" target=\"_blank\" data-fig-type=\"Article\" rel=\"noopener\" data-gtm-custom-categorie=\"navigation\" data-gtm-custom-action=\"crossclick\" data-gtm-custom-label=\"Contextuel\" data-gtm-event=\"customEventSPE\" data-fig-domain=\"TVMAG\">dans \u00abLes Marseillais\u00bb sur W9<\/a>, l\u2019homme \u00e2g\u00e9 de 32 ans affirme avoir une nouvelle fois \u00e9t\u00e9 agress\u00e9 \u00e0 Marseille (<a href=\"http:\/\/www.lefigaro.fr\/marseille\/bouches-du-rhone-un-fugitif-recherche-pour-une-tentative-de-meurtre-interpelle-par-le-raid-20250805\" target=\"_blank\" data-fig-type=\"NewsFlash\" rel=\"noopener\" data-gtm-custom-categorie=\"navigation\" data-gtm-custom-action=\"crossclick\" data-gtm-custom-label=\"Contextuel\" data-gtm-event=\"customEventSPE\" data-fig-domain=\"LEFIGARO\">Bouches-du-Rh\u00f4ne<\/a>) samedi en pleine rue. Cette fois-ci, les faits ont \u00e9t\u00e9 film\u00e9s et diffus\u00e9s sur les r\u00e9seaux sociaux. L\u2019influenceur a pris la parole sur son compte Instagram, o\u00f9 il compte plus d\u20191,3 million d\u2019abonn\u00e9s, dans une story publi\u00e9e lundi.<\/p>\n<p class=\"fig-paragraph\">\u00abSamedi soir, je me suis fait agresser par trois individus qui m\u2019ont demand\u00e9 de l\u2019argent. Je leur ai dit que je n\u2019en avais pas et l\u2019un d\u2019eux m\u2019a mis un coup de coude en tra\u00eetre\u00bb, affirme-t-il. \u00abComme vous l\u2019avez vu, je discutais tranquillement avec ces individus et un autre a profit\u00e9 que je tourne la t\u00eate pour me frapper. Je suis tomb\u00e9 K.-O.\u00bb\u00a0<\/p>\n<p>                                    <a class=\"fig-a11y-skip a11y-hidden\" href=\"#fig-a11y-skip-main-inarticle\"><br \/>\n        Passer la publicit\u00e9<br \/>\n    <\/a><\/p>\n<p>\u00abJ\u2019en ai marre\u00bb<\/p>\n<p class=\"fig-paragraph\">Choqu\u00e9, il d\u00e9nonce le manque de r\u00e9activit\u00e9 et d\u2019aide des passants, pourtant t\u00e9moins de l\u2019agression. \u00abCe qui me choque le plus, c\u2019est la personne qui filme \u00e7a. La personne me voit tomber en direct, rigole, et se permet d\u2019envoyer \u00e7a aux blogueurs, et part comme si de rien n\u2019\u00e9tait. C\u2019est \u00e7a le plus dramatique\u00bb, se lamente-t-il. Il a \u00e9t\u00e9 ensuite bri\u00e8vement hospitalis\u00e9. En revanche, il remercie \u00ables pompiers qui se sont bien occup\u00e9s de (lui)\u00bb. \u00abJe vais bien les bebew\u00bb, ajoute-t-il \u00e0 l\u2019attention de ses fans.<\/p>\n<p class=\"fig-paragraph\">Selon le trentenaire, il s\u2019agit de sa \u00abdixi\u00e8me agression\u00bb dans la cit\u00e9 phoc\u00e9enne. \u00abJ\u2019en ai marre. Je n\u2019en peux plus\u00bb, souffle-t-il dans un message adress\u00e9 \u00e0 ses abonn\u00e9s, assurant pourtant vouloir \u00abvivre comme tout le monde\u00bb malgr\u00e9 sa notori\u00e9t\u00e9. \u00abJe ne me sens pas du tout en s\u00e9curit\u00e9. [\u2026] J\u2019ai peur de sortir, de bouger. J\u2019aimerais vivre comme tout le monde, mais je n\u2019y arrive pas.\u00bb Greg Yega, qui s\u2019est lanc\u00e9 dans la musique, n\u2019a pas donn\u00e9 de d\u00e9tail sur le d\u00e9p\u00f4t d\u2019une \u00e9ventuelle plainte.<\/p>\n","protected":false},"excerpt":{"rendered":"L\u2019influenceur dit ne plus se sentir \u00aben s\u00e9curit\u00e9\u00bb apr\u00e8s avoir \u00e9t\u00e9 agress\u00e9 dans la cit\u00e9 phoc\u00e9enne samedi. Le&hellip;\n","protected":false},"author":2,"featured_media":362035,"comment_status":"","ping_status":"","sticky":false,"template":"","format":"standard","meta":{"footnotes":""},"categories":[1356],"tags":[58,59,1011,27,2480,682,252,1364],"class_list":{"0":"post-362034","1":"post","2":"type-post","3":"status-publish","4":"format-standard","5":"has-post-thumbnail","7":"category-television","8":"tag-divertissement","9":"tag-entertainment","10":"tag-fr","11":"tag-france","12":"tag-influenceurs","13":"tag-tele-realite","14":"tag-television","15":"tag-tv"},"share_on_mastodon":{"url":"https:\/\/pubeurope.com\/@fr\/115137553686425205","error":""},"_links":{"self":[{"href":"https:\/\/www.europesays.com\/fr\/wp-json\/wp\/v2\/posts\/362034","targetHints":{"allow":["GET"]}}],"collection":[{"href":"https:\/\/www.europesays.com\/fr\/wp-json\/wp\/v2\/posts"}],"about":[{"href":"https:\/\/www.europesays.com\/fr\/wp-json\/wp\/v2\/types\/post"}],"author":[{"embeddable":true,"href":"https:\/\/www.europesays.com\/fr\/wp-json\/wp\/v2\/users\/2"}],"replies":[{"embeddable":true,"href":"https:\/\/www.europesays.com\/fr\/wp-json\/wp\/v2\/comments?post=362034"}],"version-history":[{"count":0,"href":"https:\/\/www.europesays.com\/fr\/wp-json\/wp\/v2\/posts\/362034\/revisions"}],"wp:featuredmedia":[{"embeddable":true,"href":"https:\/\/www.europesays.com\/fr\/wp-json\/wp\/v2\/media\/362035"}],"wp:attachment":[{"href":"https:\/\/www.europesays.com\/fr\/wp-json\/wp\/v2\/media?parent=362034"}],"wp:term":[{"taxonomy":"category","embeddable":true,"href":"https:\/\/www.europesays.com\/fr\/wp-json\/wp\/v2\/categories?post=362034"},{"taxonomy":"post_tag","embeddable":true,"href":"https:\/\/www.europesays.com\/fr\/wp-json\/wp\/v2\/tags?post=362034"}],"curies":[{"name":"wp","href":"https:\/\/api.w.org\/{rel}","templated":true}]}}